                       {"id":62987,"date":"2024-12-07T11:09:07","date_gmt":"2024-12-07T17:09:07","guid":{"rendered":"https:\/\/laultimapalabra.com.mx\/portal\/?p=62987"},"modified":"2024-12-07T11:09:07","modified_gmt":"2024-12-07T17:09:07","slug":"realizan-pc-y-dif-de-juarez-operativo-por-onda-fria","status":"publish","type":"post","link":"https:\/\/laultimapalabra.com.mx\/portal\/realizan-pc-y-dif-de-juarez-operativo-por-onda-fria\/","title":{"rendered":"Realizan PC y DIF de Ju\u00e1rez, operativo por onda fr\u00eda"},"content":{"rendered":"<p>Ju\u00e1rez, N.L.<br \/>\nEsta ma\u00f1ana, los elementos de Protecci\u00f3n Civil y Bomberos Ju\u00e1rez, en coordinaci\u00f3n con el DIF, realizan acciones en conjunto para brindar apoyo a los ciudadanos ante el descenso de temperatura.<\/p>\n<p><img loading=\"lazy\" decoding=\"async\" class=\"alignnone wp-image-62989 size-large\" src=\"https:\/\/laultimapalabra.com.mx\/portal\/wp-content\/uploads\/2024\/12\/Imagen-de-WhatsApp-2024-12-07-a-las-10.19.37_74a3e063-1024x768.jpg\" alt=\"\" width=\"740\" height=\"555\" srcset=\"https:\/\/laultimapalabra.com.mx\/portal\/wp-content\/uploads\/2024\/12\/Imagen-de-WhatsApp-2024-12-07-a-las-10.19.37_74a3e063-1024x768.jpg 1024w, https:\/\/laultimapalabra.com.mx\/portal\/wp-content\/uploads\/2024\/12\/Imagen-de-WhatsApp-2024-12-07-a-las-10.19.37_74a3e063-300x225.jpg 300w, https:\/\/laultimapalabra.com.mx\/portal\/wp-content\/uploads\/2024\/12\/Imagen-de-WhatsApp-2024-12-07-a-las-10.19.37_74a3e063-768x576.jpg 768w, https:\/\/laultimapalabra.com.mx\/portal\/wp-content\/uploads\/2024\/12\/Imagen-de-WhatsApp-2024-12-07-a-las-10.19.37_74a3e063-1536x1152.jpg 1536w, https:\/\/laultimapalabra.com.mx\/portal\/wp-content\/uploads\/2024\/12\/Imagen-de-WhatsApp-2024-12-07-a-las-10.19.37_74a3e063.jpg 1600w\" sizes=\"auto, (max-width: 740px) 100vw, 740px\" \/><br \/>\nAmbas instituciones se\u00f1alaron que estas acciones son encaminadas para salvaguardar la salud y el bienestar de las personas adultas mayores.<br \/>\nFueron visitados los hogares de personas en estado vulnerable para llevarles cobertores para cubrirse en estas bajas\u00a0temperaturas.<\/p>\n<p><img loading=\"lazy\" decoding=\"async\" class=\"alignnone wp-image-62988 size-full\" src=\"https:\/\/laultimapalabra.com.mx\/portal\/wp-content\/uploads\/2024\/12\/Imagen-de-WhatsApp-2024-12-07-a-las-10.19.37_c0cce607.jpg\" alt=\"\" width=\"843\" height=\"462\" srcset=\"https:\/\/laultimapalabra.com.mx\/portal\/wp-content\/uploads\/2024\/12\/Imagen-de-WhatsApp-2024-12-07-a-las-10.19.37_c0cce607.jpg 843w, https:\/\/laultimapalabra.com.mx\/portal\/wp-content\/uploads\/2024\/12\/Imagen-de-WhatsApp-2024-12-07-a-las-10.19.37_c0cce607-300x164.jpg 300w, https:\/\/laultimapalabra.com.mx\/portal\/wp-content\/uploads\/2024\/12\/Imagen-de-WhatsApp-2024-12-07-a-las-10.19.37_c0cce607-768x421.jpg 768w\" sizes=\"auto, (max-width: 843px) 100vw, 843px\" \/><\/p>\n","protected":false},"excerpt":{"rendered":"<p>Ju\u00e1rez, N.L. Esta ma\u00f1ana, los elementos de Protecci\u00f3n Civil y Bomberos Ju\u00e1rez, en coordinaci\u00f3n con el DIF, realizan acciones en conjunto para brindar apoyo a los ciudadanos ante el descenso de temperatura. Ambas instituciones se\u00f1alaron que estas acciones son encaminadas para salvaguardar la salud y el bienestar de las personas adultas mayores. Fueron visitados los [&hellip;]<\/p>\n","protected":false},"author":14,"featured_media":62990,"comment_status":"closed","ping_status":"closed","sticky":false,"template":"","format":"standard","meta":{"footnotes":""},"categories":[18],"tags":[5014,12564,12563,3590,12562],"class_list":["post-62987","post","type-post","status-publish","format-standard","has-post-thumbnail","hentry","category-locales-juarez","tag-adultos-mayores","tag-bajas-temperaturas","tag-dif-de-juarez-nl","tag-juarez-nl","tag-proteccion-civil-y-bomberos-juarez"],"_links":{"self":[{"href":"https:\/\/laultimapalabra.com.mx\/portal\/wp-json\/wp\/v2\/posts\/62987","targetHints":{"allow":["GET"]}}],"collection":[{"href":"https:\/\/laultimapalabra.com.mx\/portal\/wp-json\/wp\/v2\/posts"}],"about":[{"href":"https:\/\/laultimapalabra.com.mx\/portal\/wp-json\/wp\/v2\/types\/post"}],"author":[{"embeddable":true,"href":"https:\/\/laultimapalabra.com.mx\/portal\/wp-json\/wp\/v2\/users\/14"}],"replies":[{"embeddable":true,"href":"https:\/\/laultimapalabra.com.mx\/portal\/wp-json\/wp\/v2\/comments?post=62987"}],"version-history":[{"count":1,"href":"https:\/\/laultimapalabra.com.mx\/portal\/wp-json\/wp\/v2\/posts\/62987\/revisions"}],"predecessor-version":[{"id":62993,"href":"https:\/\/laultimapalabra.com.mx\/portal\/wp-json\/wp\/v2\/posts\/62987\/revisions\/62993"}],"wp:featuredmedia":[{"embeddable":true,"href":"https:\/\/laultimapalabra.com.mx\/portal\/wp-json\/wp\/v2\/media\/62990"}],"wp:attachment":[{"href":"https:\/\/laultimapalabra.com.mx\/portal\/wp-json\/wp\/v2\/media?parent=62987"}],"wp:term":[{"taxonomy":"category","embeddable":true,"href":"https:\/\/laultimapalabra.com.mx\/portal\/wp-json\/wp\/v2\/categories?post=62987"},{"taxonomy":"post_tag","embeddable":true,"href":"https:\/\/laultimapalabra.com.mx\/portal\/wp-json\/wp\/v2\/tags?post=62987"}],"curies":[{"name":"wp","href":"https:\/\/api.w.org\/{rel}","templated":true}]}}