                       {"id":630,"date":"2018-03-02T01:19:12","date_gmt":"2018-03-02T01:19:12","guid":{"rendered":"http:\/\/laultimapalabra.info\/?p=630"},"modified":"2024-12-11T08:37:01","modified_gmt":"2024-12-11T14:37:01","slug":"trabaja-tenchis-en-unificar-el-pan","status":"publish","type":"post","link":"https:\/\/laultimapalabra.com.mx\/portal\/trabaja-tenchis-en-unificar-el-pan\/","title":{"rendered":"Trabaja Tenchis en unificar el PAN"},"content":{"rendered":"<p style=\"text-align: justify;\"><img loading=\"lazy\" decoding=\"async\" class=\"size-medium wp-image-631 alignleft\" src=\"https:\/\/laultimapalabra.com.mx\/portal\/wp-content\/uploads\/2018\/03\/da02b02f-5452-44ae-99eb-7068cc13a8c5-169x300.jpg\" alt=\"\" width=\"169\" height=\"300\" \/>*La aspirante trabaja entre los grupos de Acci\u00f3n Nacional para inclusi\u00f3n total y as\u00ed conformar una planilla libre y democr\u00e1tica<\/p>\n<p style=\"text-align: justify;\">Miguel Oscar P\u00e9rez<br \/>\nCADEREYTA JIM\u00c9NEZ, N.L.- A pesar de ser una aspirante ciudadana invitada por Acci\u00f3n Nacional, Tenchis Garc\u00eda Elizondo, est\u00e1 logrando lo dif\u00edcil dentro de la gama de grupos al interior del albiazul.<br \/>\nCon la presencia de directivos estatales se tuvo una reuni\u00f3n con la aspirante y personajes clave de los distintos grupos antagonistas en el interior del partido.<br \/>\nEn una propuesta abierta y democr\u00e1tica, se le dio a cada grupo una posici\u00f3n dentro del cabildo, cuidando la equidad de g\u00e9nero, pero incluyendo a todos, quedando todos los asistentes conformes.<br \/>\nLa reuni\u00f3n fue el mi\u00e9rcoles en la noche en la sede del partido, en la calle Mutualismo, donde se reunieron todos los panistas y se mostraron conformes con el nuevo reacomodo de la planilla.<br \/>\nOtro de los puntos, que se dio en el acercamiento fue que no se reelige ninguno de los integrantes del cabildo actual para abrir espacios a todos los dem\u00e1s panistas y hacer un cabildo m\u00e1s democr\u00e1tico.<br \/>\nTampoco se integrar\u00e1 a la planilla, ninguna persona af\u00edn a Eduardo Leal Mubarqui, con la intenci\u00f3n de dar un poco de ox\u00edgeno a esta nueva etapa al interior de Acci\u00f3n Nacional de Cadereyta.<br \/>\nLos enviados del Comit\u00e9 Ejecutivo estatal se fueron satisfechos con la apertura de la candidata y la madurez y capacidad negociadora con que se abordaron los puntos \u00e1lgidos que no se sortearon en el pasado.<\/p>\n","protected":false},"excerpt":{"rendered":"<p>*La aspirante trabaja entre los grupos de Acci\u00f3n Nacional para inclusi\u00f3n total y as\u00ed conformar una planilla libre y democr\u00e1tica Miguel Oscar P\u00e9rez CADEREYTA JIM\u00c9NEZ, N.L.- A pesar de ser una aspirante ciudadana invitada por Acci\u00f3n Nacional, Tenchis Garc\u00eda Elizondo, est\u00e1 logrando lo dif\u00edcil dentro de la gama de grupos al interior del albiazul. Con [&hellip;]<\/p>\n","protected":false},"author":9,"featured_media":631,"comment_status":"open","ping_status":"closed","sticky":false,"template":"","format":"standard","meta":{"footnotes":""},"categories":[1],"tags":[],"class_list":["post-630","post","type-post","status-publish","format-standard","has-post-thumbnail","hentry","category-noticias"],"_links":{"self":[{"href":"https:\/\/laultimapalabra.com.mx\/portal\/wp-json\/wp\/v2\/posts\/630","targetHints":{"allow":["GET"]}}],"collection":[{"href":"https:\/\/laultimapalabra.com.mx\/portal\/wp-json\/wp\/v2\/posts"}],"about":[{"href":"https:\/\/laultimapalabra.com.mx\/portal\/wp-json\/wp\/v2\/types\/post"}],"author":[{"embeddable":true,"href":"https:\/\/laultimapalabra.com.mx\/portal\/wp-json\/wp\/v2\/users\/9"}],"replies":[{"embeddable":true,"href":"https:\/\/laultimapalabra.com.mx\/portal\/wp-json\/wp\/v2\/comments?post=630"}],"version-history":[{"count":1,"href":"https:\/\/laultimapalabra.com.mx\/portal\/wp-json\/wp\/v2\/posts\/630\/revisions"}],"predecessor-version":[{"id":63387,"href":"https:\/\/laultimapalabra.com.mx\/portal\/wp-json\/wp\/v2\/posts\/630\/revisions\/63387"}],"wp:featuredmedia":[{"embeddable":true,"href":"https:\/\/laultimapalabra.com.mx\/portal\/wp-json\/"}],"wp:attachment":[{"href":"https:\/\/laultimapalabra.com.mx\/portal\/wp-json\/wp\/v2\/media?parent=630"}],"wp:term":[{"taxonomy":"category","embeddable":true,"href":"https:\/\/laultimapalabra.com.mx\/portal\/wp-json\/wp\/v2\/categories?post=630"},{"taxonomy":"post_tag","embeddable":true,"href":"https:\/\/laultimapalabra.com.mx\/portal\/wp-json\/wp\/v2\/tags?post=630"}],"curies":[{"name":"wp","href":"https:\/\/api.w.org\/{rel}","templated":true}]}}