                       {"id":63017,"date":"2024-12-09T15:47:40","date_gmt":"2024-12-09T21:47:40","guid":{"rendered":"https:\/\/laultimapalabra.com.mx\/portal\/?p=63017"},"modified":"2024-12-09T15:47:40","modified_gmt":"2024-12-09T21:47:40","slug":"certifican-a-paramedicos-de-servicios-de-emergencia","status":"publish","type":"post","link":"https:\/\/laultimapalabra.com.mx\/portal\/certifican-a-paramedicos-de-servicios-de-emergencia\/","title":{"rendered":"Certifican a param\u00e9dicos de Servicios de Emergencia"},"content":{"rendered":"<p>Cadereyta Jim\u00e9nez, N.L.<br \/>\nCon el fin de ser una instituci\u00f3n que busca la excelencia, el Gobierno Municipal de Cadereyta inici\u00f3 una certificaci\u00f3n para sus param\u00e9dicos denominada: \u201cRenacer para crecer\u201d.<\/p>\n<p><img loading=\"lazy\" decoding=\"async\" class=\"alignnone wp-image-63022 size-large\" src=\"https:\/\/laultimapalabra.com.mx\/portal\/wp-content\/uploads\/2024\/12\/WhatsApp-Image-2024-12-09-at-2.52.11-PM-1-1024x768.jpeg\" alt=\"\" width=\"740\" height=\"555\" srcset=\"https:\/\/laultimapalabra.com.mx\/portal\/wp-content\/uploads\/2024\/12\/WhatsApp-Image-2024-12-09-at-2.52.11-PM-1-1024x768.jpeg 1024w, https:\/\/laultimapalabra.com.mx\/portal\/wp-content\/uploads\/2024\/12\/WhatsApp-Image-2024-12-09-at-2.52.11-PM-1-300x225.jpeg 300w, https:\/\/laultimapalabra.com.mx\/portal\/wp-content\/uploads\/2024\/12\/WhatsApp-Image-2024-12-09-at-2.52.11-PM-1-768x576.jpeg 768w, https:\/\/laultimapalabra.com.mx\/portal\/wp-content\/uploads\/2024\/12\/WhatsApp-Image-2024-12-09-at-2.52.11-PM-1-1536x1152.jpeg 1536w, https:\/\/laultimapalabra.com.mx\/portal\/wp-content\/uploads\/2024\/12\/WhatsApp-Image-2024-12-09-at-2.52.11-PM-1.jpeg 1600w\" sizes=\"auto, (max-width: 740px) 100vw, 740px\" \/><br \/>\nEl Alcalde Carlos Rodr\u00edguez \u201cEl Cuate\u201d, coment\u00f3 que Protecci\u00f3n Civil y Bomberos se encontraba en carencias de recursos, buscando ahora unificar estas dos instituciones para tener herramientas capacitadas para acudir al llamado de la ciudadan\u00eda<br \/>\nCarlos Rodr\u00edguez, mencion\u00f3 que se est\u00e1 gestionando una unidad nueva equipada de Protecci\u00f3n Civil, as\u00ed como en el mes de enero se espera tener cinco ambulancias activas que den servicio a todo el municipio.<\/p>\n<p><img loading=\"lazy\" decoding=\"async\" class=\"alignnone wp-image-63020 size-large\" src=\"https:\/\/laultimapalabra.com.mx\/portal\/wp-content\/uploads\/2024\/12\/WhatsApp-Image-2024-12-09-at-2.53.29-PM-1024x769.jpeg\" alt=\"\" width=\"740\" height=\"556\" srcset=\"https:\/\/laultimapalabra.com.mx\/portal\/wp-content\/uploads\/2024\/12\/WhatsApp-Image-2024-12-09-at-2.53.29-PM-1024x769.jpeg 1024w, https:\/\/laultimapalabra.com.mx\/portal\/wp-content\/uploads\/2024\/12\/WhatsApp-Image-2024-12-09-at-2.53.29-PM-300x225.jpeg 300w, https:\/\/laultimapalabra.com.mx\/portal\/wp-content\/uploads\/2024\/12\/WhatsApp-Image-2024-12-09-at-2.53.29-PM-768x576.jpeg 768w, https:\/\/laultimapalabra.com.mx\/portal\/wp-content\/uploads\/2024\/12\/WhatsApp-Image-2024-12-09-at-2.53.29-PM-1536x1153.jpeg 1536w, https:\/\/laultimapalabra.com.mx\/portal\/wp-content\/uploads\/2024\/12\/WhatsApp-Image-2024-12-09-at-2.53.29-PM.jpeg 1600w\" sizes=\"auto, (max-width: 740px) 100vw, 740px\" \/><br \/>\nProtecci\u00f3n Civil y Bomberos de Cadereyta es dirigido actualmente por Omar P\u00e9rez Rosales, quien ha estado de cerca de las necesidades de las corporaciones.<\/p>\n","protected":false},"excerpt":{"rendered":"<p>Cadereyta Jim\u00e9nez, N.L. Con el fin de ser una instituci\u00f3n que busca la excelencia, el Gobierno Municipal de Cadereyta inici\u00f3 una certificaci\u00f3n para sus param\u00e9dicos denominada: \u201cRenacer para crecer\u201d. El Alcalde Carlos Rodr\u00edguez \u201cEl Cuate\u201d, coment\u00f3 que Protecci\u00f3n Civil y Bomberos se encontraba en carencias de recursos, buscando ahora unificar estas dos instituciones para tener [&hellip;]<\/p>\n","protected":false},"author":14,"featured_media":63023,"comment_status":"closed","ping_status":"closed","sticky":false,"template":"","format":"standard","meta":{"footnotes":""},"categories":[17],"tags":[12368,12395,4019,12567],"class_list":["post-63017","post","type-post","status-publish","format-standard","has-post-thumbnail","hentry","category-locales-cadereyta","tag-alcalde-carlos-rodriguez-el-cuate","tag-cadereyta-jim-nl","tag-gobierno-municipal-de-cadereyta","tag-renacer-para-crecer"],"_links":{"self":[{"href":"https:\/\/laultimapalabra.com.mx\/portal\/wp-json\/wp\/v2\/posts\/63017","targetHints":{"allow":["GET"]}}],"collection":[{"href":"https:\/\/laultimapalabra.com.mx\/portal\/wp-json\/wp\/v2\/posts"}],"about":[{"href":"https:\/\/laultimapalabra.com.mx\/portal\/wp-json\/wp\/v2\/types\/post"}],"author":[{"embeddable":true,"href":"https:\/\/laultimapalabra.com.mx\/portal\/wp-json\/wp\/v2\/users\/14"}],"replies":[{"embeddable":true,"href":"https:\/\/laultimapalabra.com.mx\/portal\/wp-json\/wp\/v2\/comments?post=63017"}],"version-history":[{"count":1,"href":"https:\/\/laultimapalabra.com.mx\/portal\/wp-json\/wp\/v2\/posts\/63017\/revisions"}],"predecessor-version":[{"id":63024,"href":"https:\/\/laultimapalabra.com.mx\/portal\/wp-json\/wp\/v2\/posts\/63017\/revisions\/63024"}],"wp:featuredmedia":[{"embeddable":true,"href":"https:\/\/laultimapalabra.com.mx\/portal\/wp-json\/wp\/v2\/media\/63023"}],"wp:attachment":[{"href":"https:\/\/laultimapalabra.com.mx\/portal\/wp-json\/wp\/v2\/media?parent=63017"}],"wp:term":[{"taxonomy":"category","embeddable":true,"href":"https:\/\/laultimapalabra.com.mx\/portal\/wp-json\/wp\/v2\/categories?post=63017"},{"taxonomy":"post_tag","embeddable":true,"href":"https:\/\/laultimapalabra.com.mx\/portal\/wp-json\/wp\/v2\/tags?post=63017"}],"curies":[{"name":"wp","href":"https:\/\/api.w.org\/{rel}","templated":true}]}}