                       {"id":63041,"date":"2024-12-09T16:47:43","date_gmt":"2024-12-09T22:47:43","guid":{"rendered":"https:\/\/laultimapalabra.com.mx\/portal\/?p=63041"},"modified":"2024-12-09T16:47:43","modified_gmt":"2024-12-09T22:47:43","slug":"garantiza-el-cuate-salarios-y-aguinaldos-a-burocratas","status":"publish","type":"post","link":"https:\/\/laultimapalabra.com.mx\/portal\/garantiza-el-cuate-salarios-y-aguinaldos-a-burocratas\/","title":{"rendered":"Garantiza El Cuate salarios y aguinaldos a bur\u00f3cratas"},"content":{"rendered":"<p>Cadereyta Jim\u00e9nez, N.L.<br \/>\nEn entrevista en el marco de una capacitaci\u00f3n a param\u00e9dicos de Protecci\u00f3n Civil, el Alcalde de Cadereyta, Carlos Rodr\u00edguez \u201cEl Cuate\u201d, coment\u00f3 que el mes de diciembre es la \u00e9poca m\u00e1s dif\u00edcil en el tema de los recursos, pero no ser\u00e1 un impedimento para cumplir en tiempo y forma a los trabajadores municipales.<br \/>\nEl edil jimenense mencion\u00f3 que se pagar\u00e1 las dos quincenas de este mes junto con sus con sus aguinaldos, el fondo de ahorro desaparecido de lo sindicalizados que suman un monto de 9.5 millones de pesos.<br \/>\nEl alcalde se comprometi\u00f3 a seguir gestionando recursos para cumplir con sus propuestas.<\/p>\n","protected":false},"excerpt":{"rendered":"<p>Cadereyta Jim\u00e9nez, N.L. En entrevista en el marco de una capacitaci\u00f3n a param\u00e9dicos de Protecci\u00f3n Civil, el Alcalde de Cadereyta, Carlos Rodr\u00edguez \u201cEl Cuate\u201d, coment\u00f3 que el mes de diciembre es la \u00e9poca m\u00e1s dif\u00edcil en el tema de los recursos, pero no ser\u00e1 un impedimento para cumplir en tiempo y forma a los trabajadores [&hellip;]<\/p>\n","protected":false},"author":14,"featured_media":63042,"comment_status":"closed","ping_status":"closed","sticky":false,"template":"","format":"standard","meta":{"footnotes":""},"categories":[17],"tags":[12368,12395,1875],"class_list":["post-63041","post","type-post","status-publish","format-standard","has-post-thumbnail","hentry","category-locales-cadereyta","tag-alcalde-carlos-rodriguez-el-cuate","tag-cadereyta-jim-nl","tag-proteccion-civil"],"_links":{"self":[{"href":"https:\/\/laultimapalabra.com.mx\/portal\/wp-json\/wp\/v2\/posts\/63041","targetHints":{"allow":["GET"]}}],"collection":[{"href":"https:\/\/laultimapalabra.com.mx\/portal\/wp-json\/wp\/v2\/posts"}],"about":[{"href":"https:\/\/laultimapalabra.com.mx\/portal\/wp-json\/wp\/v2\/types\/post"}],"author":[{"embeddable":true,"href":"https:\/\/laultimapalabra.com.mx\/portal\/wp-json\/wp\/v2\/users\/14"}],"replies":[{"embeddable":true,"href":"https:\/\/laultimapalabra.com.mx\/portal\/wp-json\/wp\/v2\/comments?post=63041"}],"version-history":[{"count":1,"href":"https:\/\/laultimapalabra.com.mx\/portal\/wp-json\/wp\/v2\/posts\/63041\/revisions"}],"predecessor-version":[{"id":63043,"href":"https:\/\/laultimapalabra.com.mx\/portal\/wp-json\/wp\/v2\/posts\/63041\/revisions\/63043"}],"wp:featuredmedia":[{"embeddable":true,"href":"https:\/\/laultimapalabra.com.mx\/portal\/wp-json\/wp\/v2\/media\/63042"}],"wp:attachment":[{"href":"https:\/\/laultimapalabra.com.mx\/portal\/wp-json\/wp\/v2\/media?parent=63041"}],"wp:term":[{"taxonomy":"category","embeddable":true,"href":"https:\/\/laultimapalabra.com.mx\/portal\/wp-json\/wp\/v2\/categories?post=63041"},{"taxonomy":"post_tag","embeddable":true,"href":"https:\/\/laultimapalabra.com.mx\/portal\/wp-json\/wp\/v2\/tags?post=63041"}],"curies":[{"name":"wp","href":"https:\/\/api.w.org\/{rel}","templated":true}]}}