                       {"id":6335,"date":"2019-02-14T22:20:38","date_gmt":"2019-02-14T22:20:38","guid":{"rendered":"http:\/\/laultimapalabra.info\/?p=6335"},"modified":"2024-12-11T08:53:43","modified_gmt":"2024-12-11T14:53:43","slug":"usted-tiene-la-ultima-palabra-51","status":"publish","type":"post","link":"https:\/\/laultimapalabra.com.mx\/portal\/usted-tiene-la-ultima-palabra-51\/","title":{"rendered":"Usted tiene&#8230; La \u00daltima Palabra"},"content":{"rendered":"<p style=\"text-align: justify;\"><strong><img loading=\"lazy\" decoding=\"async\" class=\"size-medium wp-image-390 alignleft\" src=\"https:\/\/laultimapalabra.com.mx\/portal\/wp-content\/uploads\/2018\/02\/28169846_1705449459476714_78449556_o-203x300.jpg\" alt=\"\" width=\"203\" height=\"300\" \/>XV a\u00f1os<\/strong><\/p>\n<p style=\"text-align: justify;\">Por: Ing. Jes\u00fas Herrera R\u00e1bago<\/p>\n<p style=\"text-align: justify;\">La celebraci\u00f3n de los XV a\u00f1os, sobre todo en la mujer, es muy importante en M\u00e9xico. Lo m\u00e1s probable es que esta costumbre provenga de las culturas aztecas y mayas de M\u00e9xico que realizaban los ritos de pubertad para indicar la entrada a la vida adulta de las mujeres. Se dice que en dichas culturas, sal\u00edan de las familias a una escuela donde se preparaban para el matrimonio. Luego regresaban para celebrar las fiestas de quincea\u00f1era. Los espa\u00f1oles introdujeron la inserci\u00f3n de la Misa, y en el siglo XIX, el Emperador Maximiliano y su esposa, Carlota, introdujeron el vals y los vestidos.<br \/>\nPor otro lado, el n\u00famero 15 est\u00e1 relacionado con la Luna desde la antig\u00fcedad. En la mayor\u00eda de las culturas matriarcales de la antig\u00fcedad, las cuales se reg\u00edan por el calendario lunar, donde la Luna nueva tarda 15 noches en convertirse en Luna llena. Para todas estas culturas la Luna llena era un momento muy especial donde \u00e9sta demostraba su m\u00e1xima luminosidad y esplendor. De ah\u00ed que el 15 fuera uno de los n\u00fameros sagrados en todas las sociedades matriarcales de la historia antigua.<br \/>\nEn las instituciones y empresas, no existe un simbolismo especial, sin embargo, al relacionarla con el tema de las quincea\u00f1eras, la celebraci\u00f3n quiz\u00e1 por ello toma un sentido especial.<br \/>\nEsta semana, el d\u00eda 13 de febrero, este semanario cumpli\u00f3 XV a\u00f1os de haber salido a la luz, hace un a\u00f1o en este mismo espacio narr\u00e9 la historia de c\u00f3mo naci\u00f3 la idea, la cual no fue m\u00eda, sino de mi hermana Lupita, a ella se debe que un servidor incursionara en este mundo del periodismo, del cual he aprendido y disfrutado demasiado.<br \/>\nNo era tarea f\u00e1cil, un nuevo peri\u00f3dico en Cadereyta no fue bien aceptado por ciertos sectores que nos ve\u00edan como una posible amenaza. Al inicio, por varios lados trataron de bloquearnos, de pedir no se nos comprara publicidad, que no se nos dieran facilidades.<br \/>\nEl otro gran reto, lo recuerdo bien, era c\u00f3mo lograr la comercializaci\u00f3n, nos hab\u00edamos desgastado mucho en todo lo t\u00e9cnico para salir a la luz, y despu\u00e9s de la primera publicaci\u00f3n, vino la pregunta: \u00bfYa tengo el peri\u00f3dico, ahora c\u00f3mo lo comercializo? Ah\u00ed tengo que reconocer que Paty mi esposa fue pieza clave para empezar el tema de las ventas, como hasta hoy sigue siendo.<br \/>\nSiguiendo la analog\u00eda con la fiesta de las quincea\u00f1eras, creo que estos primeros quince a\u00f1os son un buen principio, donde crecimos, aprendimos, ahora ser\u00e1 el tiempo de pasar a la vida adulta, buscando nuevos caminos en este mundo tan cambiante de la informaci\u00f3n. Nuestro compromiso ser\u00e1 hacer nuestro mejor esfuerzo para seguir junto a ustedes por m\u00e1s a\u00f1os.<br \/>\nDec\u00eda Cicer\u00f3n, que \u201cNo hay deber m\u00e1s necesario que el de dar las gracias\u201d, por eso hoy tengo el deber de decir, que si llegamos a XV a\u00f1os ha sido porque ustedes, amables lectores, que nos han respaldados, as\u00ed de simple y as\u00ed de sencillo. Por eso, mi eterna gratitud para quienes nos leen, para quienes nos compran, para quienes se anuncian y para quienes creen en nosotros. Y obvio, a todos nuestros colaboradores que hacen posible que todos los viernes veamos la luz. DE CORAZ\u00d3N LES DIGO: MUCHAS GRACIAS.<\/p>\n","protected":false},"excerpt":{"rendered":"<p>XV a\u00f1os Por: Ing. Jes\u00fas Herrera R\u00e1bago La celebraci\u00f3n de los XV a\u00f1os, sobre todo en la mujer, es muy importante en M\u00e9xico. Lo m\u00e1s probable es que esta costumbre provenga de las culturas aztecas y mayas de M\u00e9xico que realizaban los ritos de pubertad para indicar la entrada a la vida adulta de las [&hellip;]<\/p>\n","protected":false},"author":9,"featured_media":390,"comment_status":"open","ping_status":"closed","sticky":false,"template":"","format":"standard","meta":{"footnotes":""},"categories":[1],"tags":[1278],"class_list":["post-6335","post","type-post","status-publish","format-standard","has-post-thumbnail","hentry","category-noticias","tag-ing-jesus-herrera-rabago"],"_links":{"self":[{"href":"https:\/\/laultimapalabra.com.mx\/portal\/wp-json\/wp\/v2\/posts\/6335","targetHints":{"allow":["GET"]}}],"collection":[{"href":"https:\/\/laultimapalabra.com.mx\/portal\/wp-json\/wp\/v2\/posts"}],"about":[{"href":"https:\/\/laultimapalabra.com.mx\/portal\/wp-json\/wp\/v2\/types\/post"}],"author":[{"embeddable":true,"href":"https:\/\/laultimapalabra.com.mx\/portal\/wp-json\/wp\/v2\/users\/9"}],"replies":[{"embeddable":true,"href":"https:\/\/laultimapalabra.com.mx\/portal\/wp-json\/wp\/v2\/comments?post=6335"}],"version-history":[{"count":1,"href":"https:\/\/laultimapalabra.com.mx\/portal\/wp-json\/wp\/v2\/posts\/6335\/revisions"}],"predecessor-version":[{"id":66404,"href":"https:\/\/laultimapalabra.com.mx\/portal\/wp-json\/wp\/v2\/posts\/6335\/revisions\/66404"}],"wp:featuredmedia":[{"embeddable":true,"href":"https:\/\/laultimapalabra.com.mx\/portal\/wp-json\/"}],"wp:attachment":[{"href":"https:\/\/laultimapalabra.com.mx\/portal\/wp-json\/wp\/v2\/media?parent=6335"}],"wp:term":[{"taxonomy":"category","embeddable":true,"href":"https:\/\/laultimapalabra.com.mx\/portal\/wp-json\/wp\/v2\/categories?post=6335"},{"taxonomy":"post_tag","embeddable":true,"href":"https:\/\/laultimapalabra.com.mx\/portal\/wp-json\/wp\/v2\/tags?post=6335"}],"curies":[{"name":"wp","href":"https:\/\/api.w.org\/{rel}","templated":true}]}}