                       {"id":6340,"date":"2019-02-14T22:06:54","date_gmt":"2019-02-14T22:06:54","guid":{"rendered":"http:\/\/laultimapalabra.info\/?p=6340"},"modified":"2024-12-11T08:53:43","modified_gmt":"2024-12-11T14:53:43","slug":"ofertan-2500-vacantes-en-feria-del-empleo","status":"publish","type":"post","link":"https:\/\/laultimapalabra.com.mx\/portal\/ofertan-2500-vacantes-en-feria-del-empleo\/","title":{"rendered":"Ofertan 2,500 vacantes en Feria del Empleo"},"content":{"rendered":"<p style=\"text-align: justify;\"><img loading=\"lazy\" decoding=\"async\" class=\"size-medium wp-image-6342 alignleft\" src=\"https:\/\/laultimapalabra.com.mx\/portal\/wp-content\/uploads\/2019\/02\/2-8-300x200.jpg\" alt=\"\" width=\"300\" height=\"200\" \/>*Ofrecen 40 empresas multitud de plazas para los juarenses.<\/p>\n<p style=\"text-align: justify;\">CD. BENITO JU\u00c1REZ, N.L.-<br \/>\nEn apoyo a todos los juarenses que andan en busca de \u201cchamba\u201d, el Gobierno Municipal de Ju\u00e1rez que encabeza el Alcalde Heriberto Trevi\u00f1o Cant\u00fa, llev\u00f3 hasta la Col. Santa M\u00f3nica una Feria del Empleo.<br \/>\nCon el objetivo de incorporar al mercado laboral a la poblaci\u00f3n desempleada que busca una oportunidad se ofertaron m\u00e1s de 2,500 vacantes de diferentes niveles, con la participaci\u00f3n de 40 empresas.<br \/>\nAcudieron vecinos de las colonias cercanas como Salvador Ch\u00e1vez, Rehiletes, Arcadia, La Trinidad, entre otras.<br \/>\nLos juarenses acudieron a esta cita en la feria donde hab\u00eda plazas para operarios, t\u00e9cnicos, soldadores, vendedores, supervisores, electricistas, mec\u00e1nicos di\u00e9sel, personal administrativo y profesionistas<br \/>\nEmpresas como Yazaki, Brg Sport, Oxxo, Seven Eleven, Farmacias Benavides, Modular Vanity, Industrias Vermont, Human Quiality, Pepsico, entre otras, fueron algunas de las que pusieron a disposici\u00f3n de la ciudadan\u00eda sus vacantes.<br \/>\nEsta feria seguir\u00e1 visitando m\u00e1s colonias del municipio e invita a que se acerquen a la oficina de Direcci\u00f3n del Empleo, en Zaragoza s\/n casi esquina con Arturo B. de la Garza, donde tambi\u00e9n pueden solicitar informaci\u00f3n sobre m\u00e1s empleos.<\/p>\n","protected":false},"excerpt":{"rendered":"<p>*Ofrecen 40 empresas multitud de plazas para los juarenses. CD. BENITO JU\u00c1REZ, N.L.- En apoyo a todos los juarenses que andan en busca de \u201cchamba\u201d, el Gobierno Municipal de Ju\u00e1rez que encabeza el Alcalde Heriberto Trevi\u00f1o Cant\u00fa, llev\u00f3 hasta la Col. Santa M\u00f3nica una Feria del Empleo. Con el objetivo de incorporar al mercado laboral [&hellip;]<\/p>\n","protected":false},"author":9,"featured_media":6341,"comment_status":"open","ping_status":"closed","sticky":false,"template":"","format":"standard","meta":{"footnotes":""},"categories":[18],"tags":[1062],"class_list":["post-6340","post","type-post","status-publish","format-standard","has-post-thumbnail","hentry","category-locales-juarez","tag-feria-del-empleo-juarez"],"_links":{"self":[{"href":"https:\/\/laultimapalabra.com.mx\/portal\/wp-json\/wp\/v2\/posts\/6340","targetHints":{"allow":["GET"]}}],"collection":[{"href":"https:\/\/laultimapalabra.com.mx\/portal\/wp-json\/wp\/v2\/posts"}],"about":[{"href":"https:\/\/laultimapalabra.com.mx\/portal\/wp-json\/wp\/v2\/types\/post"}],"author":[{"embeddable":true,"href":"https:\/\/laultimapalabra.com.mx\/portal\/wp-json\/wp\/v2\/users\/9"}],"replies":[{"embeddable":true,"href":"https:\/\/laultimapalabra.com.mx\/portal\/wp-json\/wp\/v2\/comments?post=6340"}],"version-history":[{"count":1,"href":"https:\/\/laultimapalabra.com.mx\/portal\/wp-json\/wp\/v2\/posts\/6340\/revisions"}],"predecessor-version":[{"id":66408,"href":"https:\/\/laultimapalabra.com.mx\/portal\/wp-json\/wp\/v2\/posts\/6340\/revisions\/66408"}],"wp:featuredmedia":[{"embeddable":true,"href":"https:\/\/laultimapalabra.com.mx\/portal\/wp-json\/"}],"wp:attachment":[{"href":"https:\/\/laultimapalabra.com.mx\/portal\/wp-json\/wp\/v2\/media?parent=6340"}],"wp:term":[{"taxonomy":"category","embeddable":true,"href":"https:\/\/laultimapalabra.com.mx\/portal\/wp-json\/wp\/v2\/categories?post=6340"},{"taxonomy":"post_tag","embeddable":true,"href":"https:\/\/laultimapalabra.com.mx\/portal\/wp-json\/wp\/v2\/tags?post=6340"}],"curies":[{"name":"wp","href":"https:\/\/api.w.org\/{rel}","templated":true}]}}