                       {"id":6408,"date":"2019-02-22T02:21:59","date_gmt":"2019-02-22T02:21:59","guid":{"rendered":"http:\/\/laultimapalabra.info\/?p=6408"},"modified":"2024-12-11T08:53:43","modified_gmt":"2024-12-11T14:53:43","slug":"dona-maria-cenobia-salazar-y-la-primera-escuela-para-ninas-en-cadereyta","status":"publish","type":"post","link":"https:\/\/laultimapalabra.com.mx\/portal\/dona-maria-cenobia-salazar-y-la-primera-escuela-para-ninas-en-cadereyta\/","title":{"rendered":"Do\u00f1a Mar\u00eda Cenobia Salazar\u2026\u2026 y la primera escuela para ni\u00f1as en Cadereyta"},"content":{"rendered":"<p style=\"text-align: justify;\"><img loading=\"lazy\" decoding=\"async\" class=\"size-medium wp-image-6410 alignright\" src=\"https:\/\/laultimapalabra.com.mx\/portal\/wp-content\/uploads\/2019\/02\/7619863-300x225.jpg\" alt=\"\" width=\"300\" height=\"225\" \/>Por: Dr. Jos\u00e9 Ascenci\u00f3nTijerina Flores<\/p>\n<p style=\"text-align: justify;\">Para mediados del siglo XVIII, Cadereyta ya presentaba un buen desarrollo econ\u00f3mico y poblacional, la agricultura y la ganader\u00eda fueron factor esencial para ese crecimiento, sin embargo, la educaci\u00f3n primaria s\u00f3lo se les proporcionaba a quienes pod\u00edan costear gastos de traslado a la vecina ciudad de Monterrey y la necesidad educativa en la ni\u00f1ez Jimenence era apremiante.<br \/>\nEn nuestra pasada edici\u00f3n cronicamos como naci\u00f3 el \u201cInstituto Hidalgo\u201d de esta ciudad que era exclusivo para ni\u00f1os as\u00ed que era necesidad crear un Instituto exclusivo para ni\u00f1as.<br \/>\nDo\u00f1a Mar\u00eda Cenobia Salazar de Sada fue una ilustre Jimenence que por necesidades propias, al quedar viuda y a cargo de sus hijos, decidi\u00f3 fundar una escuela para ni\u00f1as en esta ciudad. Do\u00f1a Cenobia hab\u00eda nacido en esta ciudad el 17 de diciembre de 1832, sus padres fueron Don Pedro Salazar y Do\u00f1a Concepci\u00f3n R\u00edos.<br \/>\nDesde peque\u00f1a dejaba ver su vocaci\u00f3n hacia la docencia, pues disfrutaba jugar con sus amiguitas a la \u201cEscuelita\u201d donde ella actuaba como maestra.<br \/>\nEn 1855 contrajo matrimonio con Don Guadalupe Sada Delgado quien hab\u00eda sido Alcalde de nuestra ciudad, a la muerte de su esposo Do\u00f1a Cenobia se vio en la necesidad de vender una casa herencia de sus padres en la cantidad de 1000 pesos, mismos que fueron agot\u00e1ndose debido a la crisis econ\u00f3mica en la que pasaba.<br \/>\nPara ese tiempo (1870) ella ten\u00eda establecida una peque\u00f1a escuela particular en su domicilio frente a la plaza y en ella impart\u00eda clases a ni\u00f1as hijas de familias acomodadas de Cadereyta.<br \/>\nSu vocaci\u00f3n \u201cnata\u201d no le permit\u00eda hacer distinciones sociales, as\u00ed que pronto aument\u00f3 su alumnado. En 1880 siendo Alcalde Don Pedro Cant\u00fa recibi\u00f3 un comunicado del Gobernador del Estado Don Viviano L. Villarreal exhortando a la Ayuntamiento a establecer una escuela Municipal para la educaci\u00f3n de las ni\u00f1as de familias humildes. El Ayuntamiento desde entonces se deslind\u00f3 de este encargo debido a que ve\u00edan que Do\u00f1a Cenobia ya lo estaba haciendo y adem\u00e1s sin costo alguno.<br \/>\nEn 1881 Don Policarpo Guti\u00e9rrez Presidente Municipal le dio m\u00e1s importancia al asunto proponiendo a Do\u00f1a Cenobia que su escuelita particular pasara a depender del Municipio mediante un pago de 30 pesos mensuales, para la maestra Salazar este ofrecimiento no ten\u00eda ventaja alguna pues en su casa obten\u00eda mejores recursos con sus clases particulares, pero obedeciendo a su vocaci\u00f3n y amor por la educaci\u00f3n acept\u00f3 la oferta pretendiendo que con ello ninguna ni\u00f1a quedara sin educaci\u00f3n.<br \/>\nEl primero de mayo de 1881 se establece en nuestra ciudad la primera escuela para ni\u00f1as, de ah\u00ed en adelante se conocer\u00eda como \u201cEscuela Municipal para Ni\u00f1as\u201d.<br \/>\nEn 1901 la junta de mejoras presidida por Don Eugenio Serrano adquiri\u00f3 una propiedad por la calle cuarta (hoy Emiliano Zapata) donde anteriormente hab\u00eda estado un convento de religiosas de la orden de Guadalupe.<br \/>\nLa inauguraci\u00f3n del edificio para la escuela oficial de primera clase para ni\u00f1as tuvo lugar el 16 de septiembre de 1902 siendo el Alcalde Don Serapio Cant\u00fa, Don Pedro Ben\u00edtez Leal el Gobernador y el Presidente de Mejores Don Eugenio Serrano.<br \/>\nEl 21 de marzo de 1906, se acord\u00f3 darle el nombre de \u201cEscuela Benito Ju\u00e1rez\u201d conmemorando as\u00ed el primer centenario del Natalicio de Benem\u00e9rito. A partir de entonces y mediante la ausencia de Do\u00f1a Cenobia la se\u00f1ora Ana Garza Fox fue designada como Directora. En 1963 dej\u00f3 de ser exclusiva para ni\u00f1as convirti\u00e9ndose en mixta.<br \/>\nEn la actualidad permanece activa firme y orgullosa en su domicilio de la calle Emiliano Zapata entre Zaragoza e Hidalgo. Se mantiene vigente como instituci\u00f3n centenaria proporcion\u00e1ndoles la educaci\u00f3n a ni\u00f1as y ni\u00f1os Jimenences para hacer de ellos buenos ciudadanos y mejores mexicanos<br \/>\nGracias<\/p>\n","protected":false},"excerpt":{"rendered":"<p>Por: Dr. Jos\u00e9 Ascenci\u00f3nTijerina Flores Para mediados del siglo XVIII, Cadereyta ya presentaba un buen desarrollo econ\u00f3mico y poblacional, la agricultura y la ganader\u00eda fueron factor esencial para ese crecimiento, sin embargo, la educaci\u00f3n primaria s\u00f3lo se les proporcionaba a quienes pod\u00edan costear gastos de traslado a la vecina ciudad de Monterrey y la necesidad [&hellip;]<\/p>\n","protected":false},"author":9,"featured_media":6410,"comment_status":"open","ping_status":"closed","sticky":false,"template":"","format":"standard","meta":{"footnotes":""},"categories":[1],"tags":[879],"class_list":["post-6408","post","type-post","status-publish","format-standard","has-post-thumbnail","hentry","category-noticias","tag-dr-jose-ascencion-tijerina-flores"],"_links":{"self":[{"href":"https:\/\/laultimapalabra.com.mx\/portal\/wp-json\/wp\/v2\/posts\/6408","targetHints":{"allow":["GET"]}}],"collection":[{"href":"https:\/\/laultimapalabra.com.mx\/portal\/wp-json\/wp\/v2\/posts"}],"about":[{"href":"https:\/\/laultimapalabra.com.mx\/portal\/wp-json\/wp\/v2\/types\/post"}],"author":[{"embeddable":true,"href":"https:\/\/laultimapalabra.com.mx\/portal\/wp-json\/wp\/v2\/users\/9"}],"replies":[{"embeddable":true,"href":"https:\/\/laultimapalabra.com.mx\/portal\/wp-json\/wp\/v2\/comments?post=6408"}],"version-history":[{"count":1,"href":"https:\/\/laultimapalabra.com.mx\/portal\/wp-json\/wp\/v2\/posts\/6408\/revisions"}],"predecessor-version":[{"id":66434,"href":"https:\/\/laultimapalabra.com.mx\/portal\/wp-json\/wp\/v2\/posts\/6408\/revisions\/66434"}],"wp:featuredmedia":[{"embeddable":true,"href":"https:\/\/laultimapalabra.com.mx\/portal\/wp-json\/"}],"wp:attachment":[{"href":"https:\/\/laultimapalabra.com.mx\/portal\/wp-json\/wp\/v2\/media?parent=6408"}],"wp:term":[{"taxonomy":"category","embeddable":true,"href":"https:\/\/laultimapalabra.com.mx\/portal\/wp-json\/wp\/v2\/categories?post=6408"},{"taxonomy":"post_tag","embeddable":true,"href":"https:\/\/laultimapalabra.com.mx\/portal\/wp-json\/wp\/v2\/tags?post=6408"}],"curies":[{"name":"wp","href":"https:\/\/api.w.org\/{rel}","templated":true}]}}