                       {"id":6438,"date":"2019-02-22T03:22:13","date_gmt":"2019-02-22T03:22:13","guid":{"rendered":"http:\/\/laultimapalabra.info\/?p=6438"},"modified":"2024-12-11T08:53:44","modified_gmt":"2024-12-11T14:53:44","slug":"la-guarida-del-mapache-51","status":"publish","type":"post","link":"https:\/\/laultimapalabra.com.mx\/portal\/la-guarida-del-mapache-51\/","title":{"rendered":"La Guarida del Mapache"},"content":{"rendered":"<p><img loading=\"lazy\" decoding=\"async\" class=\"size-medium wp-image-155 alignleft\" src=\"https:\/\/laultimapalabra.com.mx\/portal\/wp-content\/uploads\/2018\/02\/mapache-300x282.jpeg\" alt=\"\" width=\"300\" height=\"282\" \/>Por: El Mapache<\/p>\n<p style=\"text-align: justify;\">\u00a0\u00bfQu\u00e9 onda raza? Espero que aunque es lamentable todo lo que nos est\u00e1 pasando en mi querido Cadiz, ya se encuentren estrenando su chaleco antibalas \u00faltimo modelo compis.<br \/>\nINCIDENTES<br \/>\nPorque la neta es que la inseguridad nos est\u00e1 llevando por caminos muy feos y sino, nom\u00e1s hagamos un recuento de todos los hechos lamentables de esta semanuca raza, empezando con el asalto a mano armada en la farmacia Guadalajara de la colonia L\u00f3pez Mateos, los tres muertos y un herido de bala m\u00e1s, y eso raza s\u00f3lo el martes pasado.<br \/>\nSIN CONTAR<br \/>\nLos da\u00f1os y robos a veh\u00edculos en la feria que est\u00e1 enfrente de bodega Aurrer\u00e1, el asalto en la gasera de la Salinas de Gortari, adem\u00e1s de los que no se denuncien o ni cuenta nos demos compis.<br \/>\nADEM\u00c1S<br \/>\nBalearon a la due\u00f1a de una tienda de abarrotes al resistirse a un asalto, tremendo balazo en el torax se llev\u00f3 la se\u00f1o, a las 8 de lo noche en abarrotes Vanessa en la L\u00e1zaro C\u00e1rdenas, tuvieron que operarla para sacarle la bala y est\u00e1 delicada.<br \/>\nBRILLAN<br \/>\nY en todo lo anterior los que brillan por su ausencia son los polis, que nada mas no se ven por ninguna parte y llegan al lugar de los hechos ya que no hay posibilidad de atrapar a nadie, la raza se siente desprotegida.<br \/>\nSECUESTRO<br \/>\nYa ayer en Tampico una se\u00f1ora iba en un taxi con su ni\u00f1a y en un sem\u00e1foro un delincuente se trep\u00f3 al auto para secuestrarla, la se\u00f1ora vio que su ni\u00f1a estaba en peligro y sac\u00f3 una pistola que llevaba en su bolsa y \u00a1mat\u00f3 al delincuente!!! al paso que vamos, no tardamos en ver eso aqu\u00ed, a defendernos nosotros mismos ya que la autoridad no responde.<br \/>\nPRECAUCI\u00d3N<br \/>\nPor eso yo ya ando precavido compis, y acabo de adquirir mi chaleco antibalas, aunque eso s\u00ed, hay que reconocer que nuestra &#8220;administration&#8221; ya trabaja arduamente en la soluci\u00f3n de este &#8220;problemita&#8221;, y si lo dudan ah\u00ed tienen de pruebas las dos, si ley\u00f3 usted bien querido lector, DOS PATRULLAS NUEVAS jejejeje que aqu\u00ed su servilleta sinceramente no creo le hagan ni cosquillas a la inseguridad en C\u00e1diz.<br \/>\nBOMBO Y PLATILLO<br \/>\nPero pues fueron anunciadas por todo lo alto con bombo y platillo por mi compi el &#8220;Bigotes&#8221; Quintanilla, quien inform\u00f3 que los &#8220;juguetitos nuevos&#8221; se compraron con el FORTASEG.<br \/>\nAMLO<br \/>\nLo \u00fanico que se le pas\u00f3 al buen &#8220;Bigotes&#8221; Quintanilla fue decirnos raza que de ese recurso a nuestro pueblito le va a llegar ni m\u00e1s ni menos que 11.3 millones de pesos de parte de AMLO, seg\u00fan se public\u00f3 en el Diario Oficial de la Federaci\u00f3n.<br \/>\nURGIDO<br \/>\nPeeeeero como al \u201cBigotes\u201d le urg\u00eda dar una nota buena, ya que la inseguridad en el municipio lo ha rebasado, hizo esta semana la entrega de las dos patrullas nuevecitas que forman parte de los recursos del programa de Fortalecimiento para la Seguridad (FORTASEG) las que les digo que ni cosquillas le har\u00edan a la inseguridad.<br \/>\nDUDA<br \/>\nY aqu\u00ed es donde su servilleta se pregunta raza: \u00bfYa llegaron los recursos apenas publicado?<br \/>\n\u00bfYa se licitaron estas dos patrullas y las 20 m\u00e1s que anunci\u00f3 el \u201cBigot\u00f3n\u201d para Marzo???<br \/>\n\u00bfSe las pedir\u00eda \u201cprestadas\u201d al proveedor con el compromiso de que \u00e9l ganar\u00e1 la \u201cLicitaci\u00f3n\u201d?<br \/>\n\u00bfSab\u00edan ustedes que cuando se solicita informaci\u00f3n por transparencia de los costos de las patrullas y copias de facturas no la dan, invocando a motivos de seguridad?<br \/>\nAPESTA<br \/>\nEsto no huele, \u00a1\u00a1\u00a1\u00a1apesta!!!!! A que con estos m\u00e1s de 11.3 millones del FORTASEG el Bigot\u00f3n ya hizo uno de sus primeros enjuagues, donde solo se exhibe, como est\u00e1 urgido de dar alg\u00fan resultado y ya no estarse tomando fotos con baches y hacerlo con dos patrullas jejeje como novedad.<br \/>\nAGARRES<br \/>\nMientras tanto los rugis &#8220;Magullones&#8221; y el &#8220;Robert Garza&#8221;, siguen d\u00e1ndose el agarr\u00f3n por aquello de las nuevas Secretar\u00edas que ya \u00e9sta semanuca quedaron aprobadas &#8220;por mayor\u00eda&#8221; dentro de los cambios al organigrama de la administration raza, ni hablar hicieron su jale pero ya se la saben: mayor\u00eda gana.<br \/>\nTRANZAS<br \/>\nY pues nomas para que vean que las tranzas en C\u00e1diz no s\u00f3lo se las avienta el &#8220;Bigotes&#8221; Quintanilla d\u00e9jenme les platico del desm\u00e1user que se traen en la Justo Sierra entre el dire y la mesa directiva compis, donde dicen que &#8220;inflan&#8221; hasta el &#8220;aigre&#8221; de los globos. As\u00ed como leen, y pues que los papis de familia ni modo de quejarse en la regi\u00f3n, donde se supone saben de las tranzas, pero no dicen ni pio!! \u00bfC\u00f3mo ven?<br \/>\nANGUSTIA<br \/>\nY pues bueno, antes de irme raza d\u00e9jenme les platico de la incertidumbre que oprime mi coraz\u00f3n desde que me dijeron que la &#8220;vaquerita sexy de la CNC Ludis&#8221; estaba pensando en abandonar el barco raza, as\u00ed como lo leen, a la muchachona al parecer la estaban dejando sola con gastos de la Casa Campesina de C\u00e1diz y sin apoyo, as\u00ed que una de las mujeres m\u00e1s guapas de la polaca jimenense estuvo pensando en retirarse del escenario, eso s\u00ed, a\u00fan no est\u00e1 confirmado raza; pero de darse el asunto la verdad ser\u00eda una l\u00e1stima porque adem\u00e1s de guapa, la susodicha hizo muy buen papel en los comicios electorales pasados, y el PRI y la CNC perder\u00edan un buen elemento&#8230;.La vemos.<\/p>\n","protected":false},"excerpt":{"rendered":"<p>Por: El Mapache \u00a0\u00bfQu\u00e9 onda raza? Espero que aunque es lamentable todo lo que nos est\u00e1 pasando en mi querido Cadiz, ya se encuentren estrenando su chaleco antibalas \u00faltimo modelo compis. INCIDENTES Porque la neta es que la inseguridad nos est\u00e1 llevando por caminos muy feos y sino, nom\u00e1s hagamos un recuento de todos los [&hellip;]<\/p>\n","protected":false},"author":9,"featured_media":155,"comment_status":"open","ping_status":"closed","sticky":false,"template":"","format":"standard","meta":{"footnotes":""},"categories":[1],"tags":[940],"class_list":["post-6438","post","type-post","status-publish","format-standard","has-post-thumbnail","hentry","category-noticias","tag-el-mapache-la-guarida-del-mapache"],"_links":{"self":[{"href":"https:\/\/laultimapalabra.com.mx\/portal\/wp-json\/wp\/v2\/posts\/6438","targetHints":{"allow":["GET"]}}],"collection":[{"href":"https:\/\/laultimapalabra.com.mx\/portal\/wp-json\/wp\/v2\/posts"}],"about":[{"href":"https:\/\/laultimapalabra.com.mx\/portal\/wp-json\/wp\/v2\/types\/post"}],"author":[{"embeddable":true,"href":"https:\/\/laultimapalabra.com.mx\/portal\/wp-json\/wp\/v2\/users\/9"}],"replies":[{"embeddable":true,"href":"https:\/\/laultimapalabra.com.mx\/portal\/wp-json\/wp\/v2\/comments?post=6438"}],"version-history":[{"count":1,"href":"https:\/\/laultimapalabra.com.mx\/portal\/wp-json\/wp\/v2\/posts\/6438\/revisions"}],"predecessor-version":[{"id":66450,"href":"https:\/\/laultimapalabra.com.mx\/portal\/wp-json\/wp\/v2\/posts\/6438\/revisions\/66450"}],"wp:featuredmedia":[{"embeddable":true,"href":"https:\/\/laultimapalabra.com.mx\/portal\/wp-json\/"}],"wp:attachment":[{"href":"https:\/\/laultimapalabra.com.mx\/portal\/wp-json\/wp\/v2\/media?parent=6438"}],"wp:term":[{"taxonomy":"category","embeddable":true,"href":"https:\/\/laultimapalabra.com.mx\/portal\/wp-json\/wp\/v2\/categories?post=6438"},{"taxonomy":"post_tag","embeddable":true,"href":"https:\/\/laultimapalabra.com.mx\/portal\/wp-json\/wp\/v2\/tags?post=6438"}],"curies":[{"name":"wp","href":"https:\/\/api.w.org\/{rel}","templated":true}]}}