                       {"id":644,"date":"2018-03-09T00:12:18","date_gmt":"2018-03-09T00:12:18","guid":{"rendered":"http:\/\/laultimapalabra.info\/?p=644"},"modified":"2024-12-11T08:37:01","modified_gmt":"2024-12-11T14:37:01","slug":"hernan-cortez-fundador-autentico-de-la-nacion-mexicana","status":"publish","type":"post","link":"https:\/\/laultimapalabra.com.mx\/portal\/hernan-cortez-fundador-autentico-de-la-nacion-mexicana\/","title":{"rendered":"Hern\u00e1n Cort\u00e9z\u2026 fundador aut\u00e9ntico de la Naci\u00f3n Mexicana"},"content":{"rendered":"<p><img loading=\"lazy\" decoding=\"async\" class=\"size-medium wp-image-645 alignleft\" src=\"https:\/\/laultimapalabra.com.mx\/portal\/wp-content\/uploads\/2018\/03\/Hernan_Fernando_Cortes-238x300.jpg\" alt=\"\" width=\"238\" height=\"300\" \/>Por: Dr. Jos\u00e9 Ascenci\u00f3n Tijerina Flores<\/p>\n<p style=\"text-align: justify;\">En Castilleja de la Cuesta, Espa\u00f1a muri\u00f3 el Capit\u00e1n Hern\u00e1n Cort\u00e9z, conquistador de M\u00e9xico Tenoxtitl\u00e1n, quien habr\u00eda nacido en Medell\u00edn, Colombia en 1485. De origen noble, aunque de escasos recursos. Estudi\u00f3 en la Universidad de Salamanca, donde era m\u00e1s conocido por sus aventuras amorosas que por su dedicaci\u00f3n a los estudios de jurisprudencia que habr\u00eda de interrumpir en 1504 para buscar una nueva y mejor vida en la reci\u00e9n descubierta tierra americanas.<br \/>\nVivi\u00f3 6 a\u00f1os en Santo Domingo, hoy Capital de Rep\u00fablica Dominicana donde hizo sus primeras armas contra ind\u00edgenas rebeldes y desempe\u00f1ando algunos cargos administrativos.<br \/>\nEn 1511 acompa\u00f1\u00f3 a Diego Vel\u00e1zquez a la conquista de la actual Cuba, en la que se distingui\u00f3 ganando recompensas y prestigio. En 1519 arriesg\u00f3 honores y fortuna para organizar una expedici\u00f3n a tierras americanas.<br \/>\nEn ese suelo nuevo para los espa\u00f1oles, florec\u00eda desde siglos atr\u00e1s una cultura originaria y avanzada que habr\u00eda de sorprender a los europeos. Ese 1519, inici\u00f3 Cort\u00e9z una de las grandes haza\u00f1as guerreras de la historia, as\u00ed, acompa\u00f1ado de un buen n\u00famero de conquistadores sojuzg\u00f3 en solo dos a\u00f1os un extenso y desconocido imperio.<br \/>\nM\u00e1s que por la fuerza de las armas, Cort\u00e9z coron\u00f3 su haza\u00f1a mediante la persuasi\u00f3n y la diplomacia al lograr aliarse poco a poco con la mayor\u00eda de los pueblos sometidos por los mexicas o aztecas que constitu\u00edan la fuerza dominante y conquistadora de nuevas tierras adem\u00e1s del centro pol\u00edtico de la floreciente civilizaci\u00f3n mesoamericana.<br \/>\nPero si en su haza\u00f1a conquistadora Cort\u00e9z demostr\u00f3 grandes dotes como diplom\u00e1tico y caudillo militar, una vez consumada la conquista de M\u00e9xico Tenoxtitl\u00e1n hubo de edificar un reino dependiente de la Corona Espa\u00f1ola, pero con su propio gobierno y normatividad, mostrando tambi\u00e9n en esa labor una capacidad excepcional. A \u00e9l se debe en gran medida la fundaci\u00f3n del reino de la Nueva Espa\u00f1a.<br \/>\nTiempo despu\u00e9s tendr\u00eda interminables conflictos con las autoridades enviadas por el Emperador Carlos V a la Nueva Espa\u00f1a, encabezando m\u00e1s viajes de exploraci\u00f3n y conquista al norte y al sur novohispanos, adem\u00e1s de acumular t\u00edtulos y fortuna.<br \/>\nEn 1540 un nuevo conflicto con el primer Virrey Antonio de Mendoza lo oblig\u00f3 a trasladarse a Espa\u00f1a donde defendi\u00f3 infructuosamente sus derechos obtenidos como conquistador.<br \/>\nSus quejas no fueron atendidas por el Monarca espa\u00f1ol y decepcionado y cansado Cort\u00e9z muere el 2 de diciembre de 1547, terminando as\u00ed la vida de uno de los m\u00e1s vigorosos y controvertidos personajes de nuestra historia, que para unos es el cruel sanguinario destructor de la cultura mesoamericana, pero para otros, es el verdadero fundador de la Naci\u00f3n Mexicana.<br \/>\nLo que es indudable, en cualquier caso, es su enorme estatura hist\u00f3rica que todo buen habitante culto de estas tierras debe conocer.<br \/>\nTomado de los apuntes del historiador Luis A. Salmer\u00f3n.<br \/>\nGracias.<\/p>\n","protected":false},"excerpt":{"rendered":"<p>Por: Dr. Jos\u00e9 Ascenci\u00f3n Tijerina Flores En Castilleja de la Cuesta, Espa\u00f1a muri\u00f3 el Capit\u00e1n Hern\u00e1n Cort\u00e9z, conquistador de M\u00e9xico Tenoxtitl\u00e1n, quien habr\u00eda nacido en Medell\u00edn, Colombia en 1485. De origen noble, aunque de escasos recursos. Estudi\u00f3 en la Universidad de Salamanca, donde era m\u00e1s conocido por sus aventuras amorosas que por su dedicaci\u00f3n a [&hellip;]<\/p>\n","protected":false},"author":9,"featured_media":645,"comment_status":"open","ping_status":"closed","sticky":false,"template":"","format":"standard","meta":{"footnotes":""},"categories":[1],"tags":[879],"class_list":["post-644","post","type-post","status-publish","format-standard","has-post-thumbnail","hentry","category-noticias","tag-dr-jose-ascencion-tijerina-flores"],"_links":{"self":[{"href":"https:\/\/laultimapalabra.com.mx\/portal\/wp-json\/wp\/v2\/posts\/644","targetHints":{"allow":["GET"]}}],"collection":[{"href":"https:\/\/laultimapalabra.com.mx\/portal\/wp-json\/wp\/v2\/posts"}],"about":[{"href":"https:\/\/laultimapalabra.com.mx\/portal\/wp-json\/wp\/v2\/types\/post"}],"author":[{"embeddable":true,"href":"https:\/\/laultimapalabra.com.mx\/portal\/wp-json\/wp\/v2\/users\/9"}],"replies":[{"embeddable":true,"href":"https:\/\/laultimapalabra.com.mx\/portal\/wp-json\/wp\/v2\/comments?post=644"}],"version-history":[{"count":1,"href":"https:\/\/laultimapalabra.com.mx\/portal\/wp-json\/wp\/v2\/posts\/644\/revisions"}],"predecessor-version":[{"id":63393,"href":"https:\/\/laultimapalabra.com.mx\/portal\/wp-json\/wp\/v2\/posts\/644\/revisions\/63393"}],"wp:featuredmedia":[{"embeddable":true,"href":"https:\/\/laultimapalabra.com.mx\/portal\/wp-json\/"}],"wp:attachment":[{"href":"https:\/\/laultimapalabra.com.mx\/portal\/wp-json\/wp\/v2\/media?parent=644"}],"wp:term":[{"taxonomy":"category","embeddable":true,"href":"https:\/\/laultimapalabra.com.mx\/portal\/wp-json\/wp\/v2\/categories?post=644"},{"taxonomy":"post_tag","embeddable":true,"href":"https:\/\/laultimapalabra.com.mx\/portal\/wp-json\/wp\/v2\/tags?post=644"}],"curies":[{"name":"wp","href":"https:\/\/api.w.org\/{rel}","templated":true}]}}