                       {"id":647,"date":"2018-03-09T00:14:32","date_gmt":"2018-03-09T00:14:32","guid":{"rendered":"http:\/\/laultimapalabra.info\/?p=647"},"modified":"2024-12-11T08:37:01","modified_gmt":"2024-12-11T14:37:01","slug":"foto-del-recuerdo-4","status":"publish","type":"post","link":"https:\/\/laultimapalabra.com.mx\/portal\/foto-del-recuerdo-4\/","title":{"rendered":"Foto del Recuerdo"},"content":{"rendered":"<p style=\"text-align: justify;\"><img loading=\"lazy\" decoding=\"async\" class=\"size-medium wp-image-648 alignleft\" src=\"https:\/\/laultimapalabra.com.mx\/portal\/wp-content\/uploads\/2018\/03\/foto-del-recuerdo-copia-300x224.jpg\" alt=\"\" width=\"300\" height=\"224\" \/>Banda de m\u00fasica de Cadereyta Jim\u00e9nez Nuevo Le\u00f3n del a\u00f1o de 1947 dirigida por Don Arsenio Cant\u00fa Leal.<br \/>\nAl fondo aparece el Alcalde Don Alberto Rodr\u00edguez D\u00e1vila con algunos de sus m\u00e1s cercanos colaboradores\u2026 \u00bfLos identifica usted?<\/p>\n","protected":false},"excerpt":{"rendered":"<p>Banda de m\u00fasica de Cadereyta Jim\u00e9nez Nuevo Le\u00f3n del a\u00f1o de 1947 dirigida por Don Arsenio Cant\u00fa Leal. Al fondo aparece el Alcalde Don Alberto Rodr\u00edguez D\u00e1vila con algunos de sus m\u00e1s cercanos colaboradores\u2026 \u00bfLos identifica usted?<\/p>\n","protected":false},"author":9,"featured_media":648,"comment_status":"open","ping_status":"closed","sticky":false,"template":"","format":"standard","meta":{"footnotes":""},"categories":[1],"tags":[274],"class_list":["post-647","post","type-post","status-publish","format-standard","has-post-thumbnail","hentry","category-noticias","tag-banda-de-musica-de-cadereyta-jimenez-nuevo-leon"],"_links":{"self":[{"href":"https:\/\/laultimapalabra.com.mx\/portal\/wp-json\/wp\/v2\/posts\/647","targetHints":{"allow":["GET"]}}],"collection":[{"href":"https:\/\/laultimapalabra.com.mx\/portal\/wp-json\/wp\/v2\/posts"}],"about":[{"href":"https:\/\/laultimapalabra.com.mx\/portal\/wp-json\/wp\/v2\/types\/post"}],"author":[{"embeddable":true,"href":"https:\/\/laultimapalabra.com.mx\/portal\/wp-json\/wp\/v2\/users\/9"}],"replies":[{"embeddable":true,"href":"https:\/\/laultimapalabra.com.mx\/portal\/wp-json\/wp\/v2\/comments?post=647"}],"version-history":[{"count":1,"href":"https:\/\/laultimapalabra.com.mx\/portal\/wp-json\/wp\/v2\/posts\/647\/revisions"}],"predecessor-version":[{"id":63395,"href":"https:\/\/laultimapalabra.com.mx\/portal\/wp-json\/wp\/v2\/posts\/647\/revisions\/63395"}],"wp:featuredmedia":[{"embeddable":true,"href":"https:\/\/laultimapalabra.com.mx\/portal\/wp-json\/"}],"wp:attachment":[{"href":"https:\/\/laultimapalabra.com.mx\/portal\/wp-json\/wp\/v2\/media?parent=647"}],"wp:term":[{"taxonomy":"category","embeddable":true,"href":"https:\/\/laultimapalabra.com.mx\/portal\/wp-json\/wp\/v2\/categories?post=647"},{"taxonomy":"post_tag","embeddable":true,"href":"https:\/\/laultimapalabra.com.mx\/portal\/wp-json\/wp\/v2\/tags?post=647"}],"curies":[{"name":"wp","href":"https:\/\/api.w.org\/{rel}","templated":true}]}}