                       {"id":6541,"date":"2019-03-01T02:16:44","date_gmt":"2019-03-01T02:16:44","guid":{"rendered":"http:\/\/laultimapalabra.info\/?p=6541"},"modified":"2024-12-11T08:53:45","modified_gmt":"2024-12-11T14:53:45","slug":"festival-de-ciclismo-de-montana-en-allende","status":"publish","type":"post","link":"https:\/\/laultimapalabra.com.mx\/portal\/festival-de-ciclismo-de-montana-en-allende\/","title":{"rendered":"Festival de Ciclismo de Monta\u00f1a en Allende"},"content":{"rendered":"<p style=\"text-align: justify;\"><img loading=\"lazy\" decoding=\"async\" class=\"size-medium wp-image-6532 alignleft\" src=\"https:\/\/laultimapalabra.com.mx\/portal\/wp-content\/uploads\/2019\/03\/ALLENDE-2019-1-300x200.jpg\" alt=\"\" width=\"300\" height=\"200\" \/>El pasado fin de semana se llev\u00f3 a cabo la 14\u00b0 edici\u00f3n del Festival MTB en el Municipio Allende, consiste en 3 d\u00edas de competencia con 3 pruebas diferentes: Short Track, Cross Contry y Marat\u00f3n. Participaron en estos 3 d\u00edas de competencia m\u00e1s de 600 ciclistas de los estados de Tamaulipas, Coahuila y Nuevo Le\u00f3n. Donde fue m\u00e1s nutrida la participaci\u00f3n fue en el marat\u00f3n con 460 ciclistas en l\u00ednea de meta. La presidencia Municipal, su alcaldesa y el equipo Tejones de Allende fueron excelentes anfitriones, cuentan con 3 pistas para marat\u00f3n con distancias de 35, 52 y 70 km con un grado de dificultada medio-alto y una pista de Cross contry que para muchos es la mejor del estado con una longitud de 7.6 km. En cuanto el Marat\u00f3n correspondi\u00f3 a la 2 etapa del serial estatal de ciclismo de monta\u00f1a, 2019. La Lic. Eva Patricia Salazar, alcaldesa de Allende dio el banderazo de salida a las 08:00 am antes dirigi\u00f3 emotivas palabras a los competidores. Se entregaron medallas a todos los participantes y trofeo a los primeros 5 lugares de cada categor\u00eda. Por el Club de Ciclismo Titanes de Cadereyta compitieron Nohem\u00ed Aguilar ganadora del 5\u00b0 lugar de su categor\u00eda, Alex Garza, Jos\u00e9 Garza, Juan Rangel, Dr. Jorge Loredo y Dr. \u00c1ngel Trujillo con una destacada participaci\u00f3n.<br \/>\nCADEREYTA SERA SEDE DE LA 3ERA ETAPA DE MARATON DE CICLISMO DE MONTA\u00d1A<br \/>\nEl pr\u00f3ximo 24 de marzo Cadereyta ser\u00e1 sede de la 3era fecha del serial de maratones de ciclismo de monta\u00f1a. Se espera la participaci\u00f3n de 600 ciclistas y familiares para ese d\u00eda. La Presidencia Municipal atreves de la direcci\u00f3n de deportes y en coordinaci\u00f3n con el club de Ciclismo Titanes de Cadereyta ya est\u00e1n trabajando para que todo quede listo 2 semanas antes de la competencia y puedan los ciclistas hacer sus pr\u00e1cticas en cada una de las 4 pistas que se cuenta.<\/p>\n","protected":false},"excerpt":{"rendered":"<p>El pasado fin de semana se llev\u00f3 a cabo la 14\u00b0 edici\u00f3n del Festival MTB en el Municipio Allende, consiste en 3 d\u00edas de competencia con 3 pruebas diferentes: Short Track, Cross Contry y Marat\u00f3n. Participaron en estos 3 d\u00edas de competencia m\u00e1s de 600 ciclistas de los estados de Tamaulipas, Coahuila y Nuevo Le\u00f3n. [&hellip;]<\/p>\n","protected":false},"author":9,"featured_media":6533,"comment_status":"open","ping_status":"closed","sticky":false,"template":"","format":"standard","meta":{"footnotes":""},"categories":[1],"tags":[559],"class_list":["post-6541","post","type-post","status-publish","format-standard","has-post-thumbnail","hentry","category-noticias","tag-ciclismo-cadereyta"],"_links":{"self":[{"href":"https:\/\/laultimapalabra.com.mx\/portal\/wp-json\/wp\/v2\/posts\/6541","targetHints":{"allow":["GET"]}}],"collection":[{"href":"https:\/\/laultimapalabra.com.mx\/portal\/wp-json\/wp\/v2\/posts"}],"about":[{"href":"https:\/\/laultimapalabra.com.mx\/portal\/wp-json\/wp\/v2\/types\/post"}],"author":[{"embeddable":true,"href":"https:\/\/laultimapalabra.com.mx\/portal\/wp-json\/wp\/v2\/users\/9"}],"replies":[{"embeddable":true,"href":"https:\/\/laultimapalabra.com.mx\/portal\/wp-json\/wp\/v2\/comments?post=6541"}],"version-history":[{"count":1,"href":"https:\/\/laultimapalabra.com.mx\/portal\/wp-json\/wp\/v2\/posts\/6541\/revisions"}],"predecessor-version":[{"id":66500,"href":"https:\/\/laultimapalabra.com.mx\/portal\/wp-json\/wp\/v2\/posts\/6541\/revisions\/66500"}],"wp:featuredmedia":[{"embeddable":true,"href":"https:\/\/laultimapalabra.com.mx\/portal\/wp-json\/"}],"wp:attachment":[{"href":"https:\/\/laultimapalabra.com.mx\/portal\/wp-json\/wp\/v2\/media?parent=6541"}],"wp:term":[{"taxonomy":"category","embeddable":true,"href":"https:\/\/laultimapalabra.com.mx\/portal\/wp-json\/wp\/v2\/categories?post=6541"},{"taxonomy":"post_tag","embeddable":true,"href":"https:\/\/laultimapalabra.com.mx\/portal\/wp-json\/wp\/v2\/tags?post=6541"}],"curies":[{"name":"wp","href":"https:\/\/api.w.org\/{rel}","templated":true}]}}