                       {"id":6543,"date":"2019-03-01T02:20:18","date_gmt":"2019-03-01T02:20:18","guid":{"rendered":"http:\/\/laultimapalabra.info\/?p=6543"},"modified":"2024-12-11T08:53:45","modified_gmt":"2024-12-11T14:53:45","slug":"una-leyenda-que-aun-perdura-porfirio-cadena-el-ojo-de-vidrio","status":"publish","type":"post","link":"https:\/\/laultimapalabra.com.mx\/portal\/una-leyenda-que-aun-perdura-porfirio-cadena-el-ojo-de-vidrio\/","title":{"rendered":"Una leyenda que a\u00fan perdura\u2026 Porfirio Cadena \u201cEl ojo de vidrio\u201d"},"content":{"rendered":"<div id=\"attachment_6545\" style=\"width: 285px\" class=\"wp-caption alignright\"><img loading=\"lazy\" decoding=\"async\" aria-describedby=\"caption-attachment-6545\" class=\"wp-image-6545 size-full\" src=\"https:\/\/laultimapalabra.com.mx\/portal\/wp-content\/uploads\/2019\/03\/images.jpg\" alt=\"\" width=\"275\" height=\"183\" \/><p id=\"caption-attachment-6545\" class=\"wp-caption-text\">Mario Fern\u00e1ndez en sus dos personificaciones: Como locutor que prest\u00f3 su voz para el personaje del \u201cojo de vidrio\u201d y su caracterizaci\u00f3n como el propio personaje.<\/p><\/div>\n<p style=\"text-align: justify;\">Por: Dr. Jos\u00e9 Ascenci\u00f3n Tijerina Flores<\/p>\n<p style=\"text-align: justify;\">Una de las leyendas m\u00e1s populares de la regi\u00f3n, es sin lugar a dudas la de Porfirio Cadena \u201cEl ojo de vidrio\u201d creada por Don Rosendo Oca\u00f1as por el a\u00f1o de 1957, quien tal vez nunca imagin\u00f3 que despu\u00e9s de 58 a\u00f1os estuviera vigente la novela de 22 series y m\u00e1s de 3,000 cap\u00edtulos y que sigue estando en el gusto que escucha la audiencia en repeticiones.<br \/>\nMario Fern\u00e1ndez, locutor cantante y actor de tremenda voz, ya fallecido hace 19 a\u00f1os, daba vida a Porfirio, lleg\u00f3 a tener giras en todo M\u00e9xico y Sudam\u00e9rica, fue motivo de algunos libros y pel\u00edculas.<br \/>\nRosendo, el autor hab\u00eda muerto en 1978, de hecho las grabaciones de la radio novela se hicieron entre 1963 y el a\u00f1o en que dej\u00f3 de existir su autor.<br \/>\nCarlos Rodr\u00edguez Ruiz, el hijo de Porfirio en la novela, dir\u00eda alguna vez \u201cyo creo que el ojo de vidrio es la novela m\u00e1s representativa del noreste de M\u00e9xico, aunque nunca se ha hecho acreedora alguna distinci\u00f3n de ese tipo\u201d.<br \/>\nOtras versiones (Silvestre Garc\u00eda) aseguran que Porfirio si existi\u00f3 y que se ocultaba en la meseta de la Sierra que rodea Laguna de S\u00e1nchez de Santiago, N.L. y que el pueblo lo ve\u00eda como un h\u00e9roe porque ayudaba a los pobres, aunque en la radio novela son algo fantasiosas muchas de las cosas que pod\u00eda hacer, lo cierto es que principalmente en el ambiente rural era obligada la sinton\u00eda para escuchar las andanzas y aventuras que a\u00fan permanecen vigentes en la regi\u00f3n.<br \/>\nEl historiador, maestro y escritor C\u00e9sar Morado expresa: \u201cel pueblo se identifica con \u00e9l por su extracci\u00f3n humilde y por su rebeld\u00eda contra la injusticia representada por los caciques y la polic\u00eda, porque viene a la ciudad y al no sentirse a gusto regresa a su terru\u00f1o. Es la ant\u00edtesis del bandolero social, lo inspira la venganza, su relaci\u00f3n con las mujeres es machista, las usa como objeto, es un cab\u2026\u201d.<br \/>\nEn el lenguaje de Porfirio escuchamos: \u201cte juites vieja traidora mientras taba preso y me vejilan y mira como me dejates, porqu\u00e9 lo hicites\u201d.<br \/>\nOtro detalle de la novela es que por primera vez se incluye en la radio el personaje de un homosexual (Chinto de la Rosa) muy festejado entre el auditorio.<br \/>\nEl inicio de esa novela relata cuando Don Eusebio Cadena, padre de Porfirio es asesinado por 5 hacendados despu\u00e9s de una partida de juego en su rancho de Laguna de S\u00e1nchez, Porfirio los enfrenta y pierde su ojo derecho que es reemplazado por uno de vidrio, jura venganza y se convierte en un h\u00e1bil delincuente perseguido por la justicia.<br \/>\nFue tal la aceptaci\u00f3n de esta novela que a\u00fan en la actualidad es escuchada en repeticiones traspasando nuestras fronteras, y lo m\u00e1s notable del caso es que existen personas muy mayores que aseguran haberlo visto por la Sierra del Huajuco en Santiago, N.L.<br \/>\nGracias<\/p>\n<p style=\"text-align: justify;\">\n","protected":false},"excerpt":{"rendered":"<p>Por: Dr. Jos\u00e9 Ascenci\u00f3n Tijerina Flores Una de las leyendas m\u00e1s populares de la regi\u00f3n, es sin lugar a dudas la de Porfirio Cadena \u201cEl ojo de vidrio\u201d creada por Don Rosendo Oca\u00f1as por el a\u00f1o de 1957, quien tal vez nunca imagin\u00f3 que despu\u00e9s de 58 a\u00f1os estuviera vigente la novela de 22 series [&hellip;]<\/p>\n","protected":false},"author":9,"featured_media":6546,"comment_status":"open","ping_status":"closed","sticky":false,"template":"","format":"standard","meta":{"footnotes":""},"categories":[1],"tags":[879],"class_list":["post-6543","post","type-post","status-publish","format-standard","has-post-thumbnail","hentry","category-noticias","tag-dr-jose-ascencion-tijerina-flores"],"_links":{"self":[{"href":"https:\/\/laultimapalabra.com.mx\/portal\/wp-json\/wp\/v2\/posts\/6543","targetHints":{"allow":["GET"]}}],"collection":[{"href":"https:\/\/laultimapalabra.com.mx\/portal\/wp-json\/wp\/v2\/posts"}],"about":[{"href":"https:\/\/laultimapalabra.com.mx\/portal\/wp-json\/wp\/v2\/types\/post"}],"author":[{"embeddable":true,"href":"https:\/\/laultimapalabra.com.mx\/portal\/wp-json\/wp\/v2\/users\/9"}],"replies":[{"embeddable":true,"href":"https:\/\/laultimapalabra.com.mx\/portal\/wp-json\/wp\/v2\/comments?post=6543"}],"version-history":[{"count":1,"href":"https:\/\/laultimapalabra.com.mx\/portal\/wp-json\/wp\/v2\/posts\/6543\/revisions"}],"predecessor-version":[{"id":66502,"href":"https:\/\/laultimapalabra.com.mx\/portal\/wp-json\/wp\/v2\/posts\/6543\/revisions\/66502"}],"wp:featuredmedia":[{"embeddable":true,"href":"https:\/\/laultimapalabra.com.mx\/portal\/wp-json\/"}],"wp:attachment":[{"href":"https:\/\/laultimapalabra.com.mx\/portal\/wp-json\/wp\/v2\/media?parent=6543"}],"wp:term":[{"taxonomy":"category","embeddable":true,"href":"https:\/\/laultimapalabra.com.mx\/portal\/wp-json\/wp\/v2\/categories?post=6543"},{"taxonomy":"post_tag","embeddable":true,"href":"https:\/\/laultimapalabra.com.mx\/portal\/wp-json\/wp\/v2\/tags?post=6543"}],"curies":[{"name":"wp","href":"https:\/\/api.w.org\/{rel}","templated":true}]}}