                       {"id":6586,"date":"2019-03-01T03:15:10","date_gmt":"2019-03-01T03:15:10","guid":{"rendered":"http:\/\/laultimapalabra.info\/?p=6586"},"modified":"2024-12-11T08:53:46","modified_gmt":"2024-12-11T14:53:46","slug":"la-guarida-del-mapache-52","status":"publish","type":"post","link":"https:\/\/laultimapalabra.com.mx\/portal\/la-guarida-del-mapache-52\/","title":{"rendered":"La Guarida del Mapache"},"content":{"rendered":"<p><img loading=\"lazy\" decoding=\"async\" class=\"size-medium wp-image-155 alignleft\" src=\"https:\/\/laultimapalabra.com.mx\/portal\/wp-content\/uploads\/2018\/02\/mapache-300x282.jpeg\" alt=\"\" width=\"300\" height=\"282\" \/>Por: El Mapache<\/p>\n<p style=\"text-align: justify;\">\u00bfQu\u00e9 ha habido raza? Espero que hayan tenido una semanuca s\u00faper productiva compis y pues hay que ir viendo que cosas vienen pa\u2019 nuestro Cadiz querido eh!<br \/>\nAs\u00ed que mejor comenzamos con el cotorreo.<br \/>\nDE ESTRENO<br \/>\nY pues a los que vimos muy guapetones ac\u00e1 de verde mayate jejeje fue ni mas ni menos que al equipo de Prensa2, quienes nos lucieron una playerucas as\u00ed verdesonas muy similares a las del deporte de casa: el beisbol.<br \/>\nHOME RUN<br \/>\nY pues obviamente aqu\u00ed el buenazo del equipo ser\u00e1 nada m\u00e1s y nada menos que el \u201cSamy Osario\u201d, quien a gritos y sombrerazos ha ido acomod\u00e1ndose cuid\u00e1ndoles las espalducas al \u201cBigotes\u201d Quintanilla en lo que va de la administration.<br \/>\nINSEGURIDAD<br \/>\nY pues ya saben compis que aquello de la inseguridad pues anda a todo lo que da, y en esta semanuca pues el boom aqu\u00ed en Cadiz fue lo de los escoltas extorsionadores jejeje donde habr\u00eda que ver varias cosas\u2026<br \/>\nHUELE MAL<br \/>\nEntre ellas raza es que ya saben que hay algo medio \u201csospechudo\u201d porque d\u00e9jenme les cotorreo que el asunto entre el demandante y los demandados no es nuevo, es m\u00e1s creo que hasta los polis ya le hab\u00edan hecho inspecci\u00f3n al negocio del susodicho porque al parecer hab\u00eda algo ah\u00ed que no cuadraba, nom\u00e1s pa\u2019 empezar.<br \/>\nPIQUE<br \/>\nDesde ah\u00ed, la neta es que da en qu\u00e9 pensar porque qu\u00e9 tal que haya sido nomas una revanchilla por parte del quejoso?? Digo!! Todo puede pasar compis, uno nunca sabe.<br \/>\nCERO<br \/>\nPor lo pronto el \u201cBigotes\u201d Quintanilla ya dijo que ni m\u00e1user, que no habr\u00e1 tolerancia para la corrupci\u00f3n y que despu\u00e9s de las investigaciones si todo resulta cierto, los polis se rumban mucho a Chihuahua a un baile jejejeje, pero que todo tiene que ser comprobado raza, porque pues nom\u00e1s porque alguien dice, pues no.<br \/>\nNUEVAS<br \/>\nY pues al parecer hay buenas noticias compis, quesque viene en camino un parque industrial compis all\u00e1 por las Palomitas y La Fragua que servir\u00e1 pa\u2019 que muchos compis no tengan que irse a jalar a otros muni que quedan all\u00e1 por donde grita Tarz\u00e1n jejeje aunado a que la lana pues va a quedar aqu\u00ed mismo en C\u00e1diz \u00bfQu\u00e9 tal?<br \/>\nPARA TOMAR EN CUENTA<br \/>\nLo que esperamos es que no se le vaya a pasar en blanco al \u201cBigotes\u201d Quintanilla es que cuide aquello del medio ambiente, porque tiene que recordar que \u00e9l representa al VERDE ECOLOGISTA (Aunque su corazoncito palpite tricolor jejeje) y que el cuidado del medio ambiente debe ser un eje para su gobierno, dicho lo anterior esperamos lo tome en cuenta.<br \/>\nRUGIDORAS<br \/>\nMientras tanto las \u201crugidoras\u201d una de \u201cPrietita\u201d y la otra la \u201cJunior de Miro\u201d andan a todo lo que da con esa onda del reciclaje raza, que si jale o no quien sabe, pero si se ha visto que los \u201crugis\u201d queriendo demostrar jale le andan tirando a todo lo que se \u201cmueva\u201d, pero nom\u00e1s no hacen la chamba para la que se les paga, quincena tras quincena.<br \/>\nESPERA<br \/>\nY entre las \u201crugis\u201d raza pues estamos esperando que una de ellas presente su licencia para irse corriendo a ocupar una de las dependencias que van a ser elevadas a Secretar\u00eda \u00bfqu\u00e9 tal? Si les digo que aqu\u00ed hasta el m\u00e1s chimuelo masca clavos raza jejeje.<br \/>\n\u00bfLOS HAN VISTO?<br \/>\nY por cierto, por m\u00e1s que quiero dejar lo del tema de la inseguridad pues no hay ni c\u00f3mo raza, y ahorita que me estoy acordando \u00bfhan visto a los del Consejito?, si hombre!! Esos que hace unas semanas dijeron que todo estaba de poca m\u00e1user y que el \u201cBigotes\u201d Quintanilla estaba haciendo un trabajo espectacular en C\u00e1diz jejejeje<br \/>\nPREGUNTA<br \/>\ny es que pregunto por ellos porque la neta es que antes no pod\u00eda pasar nada en el pueblo, cuando ellos ya estaban dando \u201csu humilde opini\u00f3n\u201d, pero parece que desde que los reciben en la antigua sala de cabildo y les invitan el cafecito que se paga con los impuestos del pueblo, pues como que ya est\u00e1n medio ciegos y mudos raza, como les dije, el chiste es que alguien los \u201cpelara\u201d y con eso ellos ten\u00edan.<br \/>\nNI SUS LUCES<br \/>\nY pues bueno, antes de irme raza pues nomas enviarles un mensajillo a los \u201crugis\u201d compis porque pues sigo viendo unos cuantos que ni sus luces raza, ni en los eventos, ni en las juntas ni nada de nada, como que se creyeron aquello de que jalaran dos meses (la campa\u00f1a) y tirar\u00e1n \u201chueva\u201d tres a\u00f1os jejeje en fin, ah\u00ed poco a poco les paso el dato raza de perdido pa\u2019 que vayan conoci\u00e9ndolos\u2026 La vemos.<\/p>\n","protected":false},"excerpt":{"rendered":"<p>Por: El Mapache \u00bfQu\u00e9 ha habido raza? Espero que hayan tenido una semanuca s\u00faper productiva compis y pues hay que ir viendo que cosas vienen pa\u2019 nuestro Cadiz querido eh! As\u00ed que mejor comenzamos con el cotorreo. DE ESTRENO Y pues a los que vimos muy guapetones ac\u00e1 de verde mayate jejeje fue ni mas [&hellip;]<\/p>\n","protected":false},"author":9,"featured_media":155,"comment_status":"open","ping_status":"closed","sticky":false,"template":"","format":"standard","meta":{"footnotes":""},"categories":[1],"tags":[940],"class_list":["post-6586","post","type-post","status-publish","format-standard","has-post-thumbnail","hentry","category-noticias","tag-el-mapache-la-guarida-del-mapache"],"_links":{"self":[{"href":"https:\/\/laultimapalabra.com.mx\/portal\/wp-json\/wp\/v2\/posts\/6586","targetHints":{"allow":["GET"]}}],"collection":[{"href":"https:\/\/laultimapalabra.com.mx\/portal\/wp-json\/wp\/v2\/posts"}],"about":[{"href":"https:\/\/laultimapalabra.com.mx\/portal\/wp-json\/wp\/v2\/types\/post"}],"author":[{"embeddable":true,"href":"https:\/\/laultimapalabra.com.mx\/portal\/wp-json\/wp\/v2\/users\/9"}],"replies":[{"embeddable":true,"href":"https:\/\/laultimapalabra.com.mx\/portal\/wp-json\/wp\/v2\/comments?post=6586"}],"version-history":[{"count":1,"href":"https:\/\/laultimapalabra.com.mx\/portal\/wp-json\/wp\/v2\/posts\/6586\/revisions"}],"predecessor-version":[{"id":66528,"href":"https:\/\/laultimapalabra.com.mx\/portal\/wp-json\/wp\/v2\/posts\/6586\/revisions\/66528"}],"wp:featuredmedia":[{"embeddable":true,"href":"https:\/\/laultimapalabra.com.mx\/portal\/wp-json\/"}],"wp:attachment":[{"href":"https:\/\/laultimapalabra.com.mx\/portal\/wp-json\/wp\/v2\/media?parent=6586"}],"wp:term":[{"taxonomy":"category","embeddable":true,"href":"https:\/\/laultimapalabra.com.mx\/portal\/wp-json\/wp\/v2\/categories?post=6586"},{"taxonomy":"post_tag","embeddable":true,"href":"https:\/\/laultimapalabra.com.mx\/portal\/wp-json\/wp\/v2\/tags?post=6586"}],"curies":[{"name":"wp","href":"https:\/\/api.w.org\/{rel}","templated":true}]}}