                       {"id":6654,"date":"2019-03-07T02:22:23","date_gmt":"2019-03-07T02:22:23","guid":{"rendered":"http:\/\/laultimapalabra.info\/?p=6654"},"modified":"2024-12-11T08:53:47","modified_gmt":"2024-12-11T14:53:47","slug":"asaltan-farmacia-en-santa-lucia","status":"publish","type":"post","link":"https:\/\/laultimapalabra.com.mx\/portal\/asaltan-farmacia-en-santa-lucia\/","title":{"rendered":"Asaltan farmacia en Santa Lucia"},"content":{"rendered":"<p><img loading=\"lazy\" decoding=\"async\" src=\"https:\/\/laultimapalabra.com.mx\/portal\/wp-content\/uploads\/2019\/03\/20190306_2016067884722054790590744.jpg\" class=\"wp-image-6652 alignnone size-full\" width=\"1031\" height=\"487\"><\/p>\n<p>Hombres con pasamonta\u00f1as asaltaron una farmacia en el municipio de Cadereyta.<\/p>\n<p>El robo con violencia se registr\u00f3 en el negocio ubicado en el cruce de la calle Porfirio Trevi\u00f1o y Alfonso Mart\u00ednez en el Fraccionamiento Santa Luc\u00eda.<\/p>\n<p>Presuntamente fueron dos personas quienes llegaron armados y cubiertos del rostro hasta el mostrador de este negocio y exigieron a punta de pistola el efectivo, para escapar<\/p>\n<p>Aun no se tiene el c\u00e1lculo del monto del robo y no se descarta que estas personas ya hayan participado en m\u00e1s delitos similares, donde las victimas de atracos a negocios solo describen a los desconocidos como hombres encapuchados.<\/p>\n<p>El lugar fue resguardado por elementos de fuerza civil, mientras tanto los negocios que se supone operan las 24 horas han optado por cerrar durante la noche<\/p>\n","protected":false},"excerpt":{"rendered":"<p>Hombres con pasamonta\u00f1as asaltaron una farmacia en el municipio de Cadereyta. El robo con violencia se registr\u00f3 en el negocio ubicado en el cruce de la calle Porfirio Trevi\u00f1o y Alfonso Mart\u00ednez en el Fraccionamiento Santa Luc\u00eda. Presuntamente fueron dos personas quienes llegaron armados y cubiertos del rostro hasta el mostrador de este negocio y [&hellip;]<\/p>\n","protected":false},"author":9,"featured_media":6653,"comment_status":"open","ping_status":"closed","sticky":false,"template":"","format":"standard","meta":{"footnotes":""},"categories":[17,8,9],"tags":[189],"class_list":["post-6654","post","type-post","status-publish","format-standard","has-post-thumbnail","hentry","category-locales-cadereyta","category-seguridad","category-seguridad-cadereyta","tag-asaltos-cadereyta"],"_links":{"self":[{"href":"https:\/\/laultimapalabra.com.mx\/portal\/wp-json\/wp\/v2\/posts\/6654","targetHints":{"allow":["GET"]}}],"collection":[{"href":"https:\/\/laultimapalabra.com.mx\/portal\/wp-json\/wp\/v2\/posts"}],"about":[{"href":"https:\/\/laultimapalabra.com.mx\/portal\/wp-json\/wp\/v2\/types\/post"}],"author":[{"embeddable":true,"href":"https:\/\/laultimapalabra.com.mx\/portal\/wp-json\/wp\/v2\/users\/9"}],"replies":[{"embeddable":true,"href":"https:\/\/laultimapalabra.com.mx\/portal\/wp-json\/wp\/v2\/comments?post=6654"}],"version-history":[{"count":1,"href":"https:\/\/laultimapalabra.com.mx\/portal\/wp-json\/wp\/v2\/posts\/6654\/revisions"}],"predecessor-version":[{"id":66562,"href":"https:\/\/laultimapalabra.com.mx\/portal\/wp-json\/wp\/v2\/posts\/6654\/revisions\/66562"}],"wp:featuredmedia":[{"embeddable":true,"href":"https:\/\/laultimapalabra.com.mx\/portal\/wp-json\/"}],"wp:attachment":[{"href":"https:\/\/laultimapalabra.com.mx\/portal\/wp-json\/wp\/v2\/media?parent=6654"}],"wp:term":[{"taxonomy":"category","embeddable":true,"href":"https:\/\/laultimapalabra.com.mx\/portal\/wp-json\/wp\/v2\/categories?post=6654"},{"taxonomy":"post_tag","embeddable":true,"href":"https:\/\/laultimapalabra.com.mx\/portal\/wp-json\/wp\/v2\/tags?post=6654"}],"curies":[{"name":"wp","href":"https:\/\/api.w.org\/{rel}","templated":true}]}}