                       {"id":6668,"date":"2019-03-08T02:32:06","date_gmt":"2019-03-08T02:32:06","guid":{"rendered":"http:\/\/laultimapalabra.info\/?p=6668"},"modified":"2024-12-11T08:53:47","modified_gmt":"2024-12-11T14:53:47","slug":"el-dia-que-mexico-perdio-la-mitad-de-su-territorio","status":"publish","type":"post","link":"https:\/\/laultimapalabra.com.mx\/portal\/el-dia-que-mexico-perdio-la-mitad-de-su-territorio\/","title":{"rendered":"El d\u00eda que M\u00e9xico perdi\u00f3 la mitad de su territorio"},"content":{"rendered":"<div id=\"attachment_6671\" style=\"width: 310px\" class=\"wp-caption alignleft\"><img loading=\"lazy\" decoding=\"async\" aria-describedby=\"caption-attachment-6671\" class=\"wp-image-6671 size-medium\" src=\"https:\/\/laultimapalabra.com.mx\/portal\/wp-content\/uploads\/2019\/03\/Tratado-de-Guadalupe-Hidalgo-741x500-300x202.jpg\" alt=\"\" width=\"300\" height=\"202\" \/><p id=\"caption-attachment-6671\" class=\"wp-caption-text\">\u00a0Mapa que nos indica la extensi\u00f3n del territorio Mexicano en 1848. La l\u00ednea remarcada indica el l\u00edmite del hoy territorio Estadunidense<\/p><\/div>\n<p style=\"text-align: justify;\">Por: Dr. Jos\u00e9 Ascenci\u00f3n Tijerina Flores<\/p>\n<p style=\"text-align: justify;\">La ambici\u00f3n de expansionismo de los Estados Unidos signific\u00f3 una gran tragedia territorial para M\u00e9xico.<\/p>\n<p style=\"text-align: justify;\">Un 2 de febrero de 1848, se firm\u00f3 el tratado \u201cDe Guadalupe-Hidalgo\u201d, convenio que dar\u00eda por terminada la guerra M\u00e9xico \u2013 Estados Unidos.<br \/>\nEl cambio m\u00e1s radical de la extensi\u00f3n territorial del Pa\u00eds despert\u00f3 y aun despierta reacciones encontradas de los mexicanos seg\u00fan las distintas regiones de M\u00e9xico.<br \/>\nFirmado el 2 de febrero de 1848 como acuerdo de paz para terminar con la guerra entre los dos pa\u00edses y ratificado el 30 de mayo del mismo a\u00f1o, el tratado cedio al vecino del norte m\u00e1s de 2.3 millones de kil\u00f3metros cuadrados de territorio mexicano.<br \/>\n\u201cEsta p\u00e9rdida aun despierta en el centro y sur del pa\u00eds resentimiento hacia los Estados Unidos, en cambio en el norte la opini\u00f3n es diferente, pues el cambio de limite nacional cre\u00f3 la cultura fronteriza actual\u201d (Ahmed Valtier).<br \/>\nPara Nuevo Le\u00f3n y la regi\u00f3n en general fue de gran importancia, porque as\u00ed conform\u00f3 la tradici\u00f3n y costumbres adem\u00e1s de la geograf\u00eda tal como es actualmente. Esto llev\u00f3 a Monterrey y la regi\u00f3n a estar a 200 km. De la frontera por lo cual al llegar la paz, los tiempos del Porfiriato y la llegada del ferrocarril, el mayor contacto con los vecinos ayud\u00f3 a que hubiera un mayor desarrollo econ\u00f3mico.<br \/>\nEl documento (Tratado de Guadalupe-Hidalgo) estableci\u00f3 que M\u00e9xico ceder\u00eda los territorios de: California, buena parte de Arizona, Nuevo M\u00e9xico, Nevada, Utha, parte de Colorado y Wyoming.<br \/>\nEl tratado tambi\u00e9n estableci\u00f3 la frontera con Texas en el R\u00edo Bravo, aunque \u201cLa p\u00e9rdida de este territorio ya hab\u00eda ocurrido tiempo atr\u00e1s\u201d (Esau Garc\u00eda, historiador).<br \/>\nAunque com\u00fanmente se culpa al General Antonio L\u00f3pez de Santa Anna por la p\u00e9rdida de esas tierras, en realidad en ese momento \u00e9l no era Presidente de M\u00e9xico, ese cargo lo ocupaba como interino Manuel de la Pe\u00f1a y Pe\u00f1a.<br \/>\nEl resentimiento lleg\u00f3 a\u00fan a manifestarse en los a\u00f1os 30\u00b4 cuando en M\u00e9xico hab\u00eda una corriente de pensamiento que si bien no simpatizaba con la Alemania de Hitler, si aplaud\u00eda la existencia de una potencia capaz de enfrentar a otra como Estados Unidos.<br \/>\nEn resumen; M\u00e9xico cedi\u00f3 m\u00e1s de mitad de su territorio para dar fin a una guerra absurda y sin sentido que amenazaba con su propio exterminio.<br \/>\nSe imagina usted amable lector, si no hubieran sucedido estos hechos, que har\u00eda nuestro Pa\u00eds con esa gran extensi\u00f3n de territorio o bien con su exterminio total<br \/>\nUsted que opina amable lector?<br \/>\nGracias<\/p>\n<p style=\"text-align: justify;\">\n","protected":false},"excerpt":{"rendered":"<p>Por: Dr. Jos\u00e9 Ascenci\u00f3n Tijerina Flores La ambici\u00f3n de expansionismo de los Estados Unidos signific\u00f3 una gran tragedia territorial para M\u00e9xico. Un 2 de febrero de 1848, se firm\u00f3 el tratado \u201cDe Guadalupe-Hidalgo\u201d, convenio que dar\u00eda por terminada la guerra M\u00e9xico \u2013 Estados Unidos. El cambio m\u00e1s radical de la extensi\u00f3n territorial del Pa\u00eds despert\u00f3 [&hellip;]<\/p>\n","protected":false},"author":9,"featured_media":6669,"comment_status":"open","ping_status":"closed","sticky":false,"template":"","format":"standard","meta":{"footnotes":""},"categories":[1],"tags":[879],"class_list":["post-6668","post","type-post","status-publish","format-standard","has-post-thumbnail","hentry","category-noticias","tag-dr-jose-ascencion-tijerina-flores"],"_links":{"self":[{"href":"https:\/\/laultimapalabra.com.mx\/portal\/wp-json\/wp\/v2\/posts\/6668","targetHints":{"allow":["GET"]}}],"collection":[{"href":"https:\/\/laultimapalabra.com.mx\/portal\/wp-json\/wp\/v2\/posts"}],"about":[{"href":"https:\/\/laultimapalabra.com.mx\/portal\/wp-json\/wp\/v2\/types\/post"}],"author":[{"embeddable":true,"href":"https:\/\/laultimapalabra.com.mx\/portal\/wp-json\/wp\/v2\/users\/9"}],"replies":[{"embeddable":true,"href":"https:\/\/laultimapalabra.com.mx\/portal\/wp-json\/wp\/v2\/comments?post=6668"}],"version-history":[{"count":1,"href":"https:\/\/laultimapalabra.com.mx\/portal\/wp-json\/wp\/v2\/posts\/6668\/revisions"}],"predecessor-version":[{"id":66572,"href":"https:\/\/laultimapalabra.com.mx\/portal\/wp-json\/wp\/v2\/posts\/6668\/revisions\/66572"}],"wp:featuredmedia":[{"embeddable":true,"href":"https:\/\/laultimapalabra.com.mx\/portal\/wp-json\/"}],"wp:attachment":[{"href":"https:\/\/laultimapalabra.com.mx\/portal\/wp-json\/wp\/v2\/media?parent=6668"}],"wp:term":[{"taxonomy":"category","embeddable":true,"href":"https:\/\/laultimapalabra.com.mx\/portal\/wp-json\/wp\/v2\/categories?post=6668"},{"taxonomy":"post_tag","embeddable":true,"href":"https:\/\/laultimapalabra.com.mx\/portal\/wp-json\/wp\/v2\/tags?post=6668"}],"curies":[{"name":"wp","href":"https:\/\/api.w.org\/{rel}","templated":true}]}}