                       {"id":6853,"date":"2019-03-15T03:28:45","date_gmt":"2019-03-15T03:28:45","guid":{"rendered":"http:\/\/laultimapalabra.info\/?p=6853"},"modified":"2024-12-11T08:53:49","modified_gmt":"2024-12-11T14:53:49","slug":"la-guarida-del-mapache-54","status":"publish","type":"post","link":"https:\/\/laultimapalabra.com.mx\/portal\/la-guarida-del-mapache-54\/","title":{"rendered":"La Guarida del Mapache"},"content":{"rendered":"<p><img loading=\"lazy\" decoding=\"async\" class=\"size-medium wp-image-155 alignleft\" src=\"https:\/\/laultimapalabra.com.mx\/portal\/wp-content\/uploads\/2018\/02\/mapache-300x282.jpeg\" alt=\"\" width=\"300\" height=\"282\" \/>Por:. El Mapache<\/p>\n<p style=\"text-align: justify;\">Muy buenos d\u00edas, tardes o noches raza dependiendo la hora en la que me est\u00e9n leyendo compis, pues esta semanuca estuvo \u201cmovidita\u201d de info jejeje y pues ya saben que aqu\u00ed su \u201cservilleta\u201d nomas est\u00e1 viendo a ver qu\u00e9 ve jejeje as\u00ed que mejor empecemos y hag\u00e1moslo con una buena nueva.<br \/>\nCONGRATULATIONS<br \/>\nY es felicitado al se\u00f1or\u00f3n que fue \u201crugi\u201d hace unas adminitrations al buen don To\u00f1o \u201cTransportes\u201d Garza, que en pr\u00f3ximos meses ser\u00e1 abuelito de otro varonzuelo raza, as\u00ed como lo leen, viene otro Garza en camino y esperamos que sea gente de bien y buen coraz\u00f3n como lo es su abuelo paterno, pura gente de buena cepa compis.<br \/>\nHABLANDO DE RUGIS<br \/>\nY por cierto de estos personajes que son m\u00e1s sensibles que una f\u00e9mina en sus d\u00edas compis, d\u00e9jenme les digo que los del \u201cBigotes\u201d Quintanilla no dejan dar de qu\u00e9 hablar jejeje, aunque no sean logros ni metas alcanzadas por la administration pero de qu\u00e9 sueltan cotorreo lo sueltan jejeje, sobre todo por aquello de que se sienten ser los mejores funcionarios que ha tenido mi querido C\u00e1diz jejeje y eso que todav\u00eda no hacen nada raza.<br \/>\nMUESTRA<br \/>\nY para muestra un botonzote raza, que no es que haya hecho mucho en estos casi cinco meses, pero si se la pasan quej\u00e1ndose de estar en el ojo del escrutinio p\u00fablico y de las cr\u00edticas de los ciudadanos, d\u00edganme si no es controversial el tema jejeje ya que si no quer\u00edan ser exhibidos tanto en lo personal como lo profesional lo hubieran pensado antes de meterse en la polaca, que en este tema es bastante mafufa jejeje porque aqu\u00ed o se hacen de piel \u201cgruesa\u201d o van a quedar bastante mal parados.<br \/>\nDIARREA<br \/>\nYa ven lo que le paso a la rugi \u201cGranito\u201d Cant\u00fa jejeje que esta semanuca le dio una diarrea verbal de aquellas en las que escupes pero que si puras estupideces compis, jejeje as\u00ed como cuando andas con una borrachera marca diablo pero ella sin alcohol raza, tanto as\u00ed que dijo que a todos los que la (bueno d\u00e9jenme me uno y si no me ven la pr\u00f3xima semanuca es que ya me dieron \u201ctambo\u201d tambi\u00e9n a mi jejeje) criticar\u00e1n los iba a demandar jejeje, imag\u00ednense!! Ahora resulta que ni en las redes sociales hay libertad de expresi\u00f3n raza, as\u00ed en esas andamos \u00bfc\u00f3mo ven?<br \/>\nSENTIDO COMUN<br \/>\nYo creo raza que los que la vamos a tener que demandar somos nosotros, porque la neta es que la \u201cJunior\u201d de los Cant\u00fa (hagan de cuenta que es la versi\u00f3n femenina del jr inservible al que s\u00f3lo le ayuda el apellido, pero no le hace honor al mismo jejeje) nos cree pentontos o no s\u00e9, porque \u00bfde d\u00f3nde demonios saca que ella es capaz o que tiene las cualidades y se fijaron en ella para ocupar la Secretar\u00eda de Econom\u00eda Municipal? Digo!! Intent\u00f3 en las ventas esas de desmanchadores dentales y as\u00ed, pero de eso ha saber c\u00f3mo activar la econom\u00eda en el municipio, crear fuentes de empleo y dem\u00e1s, hay una brecha qu\u00e9 digo enorme sino colosal raza.<br \/>\nACUERDOS<br \/>\nPara que le hace al loco caray si todos sabemos que el movimiento no es m\u00e1s que la respuesta a uno de los compromisos de campa\u00f1a del \u201cBigotes\u201d Quintanilla, que as\u00ed como lo est\u00e1 haciendo en la creaci\u00f3n de otras \u201cSecretar\u00edas\u201d, lo \u00fanico que lo motiv\u00f3 a d\u00e1rsela a ella (la Secretar\u00eda no sean mal pensados compis jejeje) fue el compromiso adquirido por el poco o mucho apoyo que esta \u201cjunior\u201d le dio en campa\u00f1a.<br \/>\nCAMBIO<br \/>\nAs\u00ed que hay que aclarar que ya no le dir\u00e9 \u201cGranito\u201d Cant\u00fa para que no se sienta ofendida sino que ser\u00e1 \u201cCecy Difam\u00e9\u201d jejejeej aunque habr\u00e1 que aclararle tambi\u00e9n que la palabra difamaci\u00f3n no es exceso de fama como ella cree, jejeje \u00bfven compis? Ese es el problema de poner en puestos p\u00fablicos personas que no saben ni lo que significa lo que escriben, y adem\u00e1s ni necesidad hay de que se ofenda, que aunque el nepotismo no podr\u00eda ser aplicado a ella y sus familiares en la n\u00f3mina municipal, se ver\u00eda mejor si acepta que no es que sea la mejor para la Secre de Econom\u00eda, sino que le est\u00e1n \u201cpagando\u201d un favor, acu\u00e9rdense: si tiene cola de pato, patas de pato y hace \u00a1cuac! Entonces \u00a1es pato!<br \/>\nRESPETO<br \/>\nY lo \u00fanico que podr\u00edamos pedirle es que muestre un poco, poquitito de respeto a la memoria de \u201cMiro\u201d qepd, ya que con sus declaraciones de que esta es la \u00fanica adminitration que ha hecho algo en C\u00e1diz los \u00faltimos a\u00f1os, pues se llev\u00f3 entre las patas el jale de su se\u00f1or padre, quien a consideraci\u00f3n de la mayor parte de los jimenenses ha sido el mejor alcalde de Cadiz raza, que no se le olvid\u00e9 que ella no pudo alcanzarlo y que lo \u00fanico que le qued\u00f3 para entrar al \u201cPalace\u201d fue declinar con el \u201cBigotes\u201d Quintanilla porque sola nunca hubiera ni pisado la Presidencia.<br \/>\nGOBER<br \/>\nY vamos a continuar compis con la visita del \u201cPony\u201d Rodr\u00edguez, que pues bueno fuera de lo de las escrituras y la remodelaci\u00f3n de la escuela que vino a inaugurar, pues la neta no trajo nada nuevo, ya saben que su discurso de los \u00faltimos cuatro a\u00f1os de Gobierno pues ha sido el mismo, que si caminaba mucho para ir a la escuela, que si la mam\u00e1 no sabe escribir, que si siempre fue muy pobre, etc, etc; en mi humilde opini\u00f3n ya deber\u00eda cambiarlo raza jejeje.<br \/>\nHUEVONES<br \/>\n\u00a1Ah! Se me olvidaba que les dijo huevones a los medios de comunicaci\u00f3n, jejeje, digo les dijo porque yo no soy medio de comunicaci\u00f3n, pero la neta es que a m\u00ed en lo personal me salt\u00f3 una duda muy dudosa compis, para empezar mi querido \u201cPony\u201d Rodr\u00edguez en estos casi cuatro a\u00f1os de Gobierno no ha podido ni terminar la l\u00ednea 3 del metro que el \u201cRorro\u201d Medina le dej\u00f3, y eso que nada mas era de comprarle vagones, no ha podido arreglar el show que se traen los empresarios de trasporte p\u00fablico, quienes ya hasta quitaron lo \u00fanico bueno que \u00e9l hab\u00eda hecho que fue lo de los trasbordos\u2026<br \/>\nPERDIDAS<br \/>\nMientras que tambi\u00e9n fue \u00e9l quien quit\u00f3 el trasporte gratuito de los domingos, o sea, con \u00e9l ha habido puras mermas raza y eso que el \u201cRorro\u201d fue de los m\u00e1s ratas en los \u00faltimos a\u00f1os eh! Pero pues ni as\u00ed lo ha alcanzado el \u201cPony\u201d Rodr\u00edguez, quien en cuatro a\u00f1os no ha hecho ni lo que el \u201cRorro\u201d Medina hizo en uno jejeje as\u00ed que entonces \u00bfQui\u00e9n el huev\u00f3n eh? Jejejeeje.<br \/>\nDE$PRE$IADO<br \/>\nPor \u00faltimo, dejen les cuento, pues que se arma la rebambaramba con el Doc De$pre$iado, quien no quer\u00eda soltar una caseta que estaba en su residencia de Lomas de Los Pilarucos y que la utilizaban sus escoltas para pernoctar, perd\u00f3n cuidar, a tan \u201cilustre\u201d personaje.<br \/>\nPUCHEROS<br \/>\nAlegaba el tristemente c\u00e9lebre galeno de Kids que la caseta era suya de su propiedad, sin embargo al checar en Patrimonio municipal estaba foliada como propiedad del municipio, as\u00ed que con pena y todo ya se la quitaron y no le qued\u00f3 m\u00e1s que hacer pucheros. Chin ni dejando el cargo dejan de robar\u2026. La vemos.<\/p>\n","protected":false},"excerpt":{"rendered":"<p>Por:. El Mapache Muy buenos d\u00edas, tardes o noches raza dependiendo la hora en la que me est\u00e9n leyendo compis, pues esta semanuca estuvo \u201cmovidita\u201d de info jejeje y pues ya saben que aqu\u00ed su \u201cservilleta\u201d nomas est\u00e1 viendo a ver qu\u00e9 ve jejeje as\u00ed que mejor empecemos y hag\u00e1moslo con una buena nueva. CONGRATULATIONS [&hellip;]<\/p>\n","protected":false},"author":9,"featured_media":155,"comment_status":"open","ping_status":"closed","sticky":false,"template":"","format":"standard","meta":{"footnotes":""},"categories":[1],"tags":[940],"class_list":["post-6853","post","type-post","status-publish","format-standard","has-post-thumbnail","hentry","category-noticias","tag-el-mapache-la-guarida-del-mapache"],"_links":{"self":[{"href":"https:\/\/laultimapalabra.com.mx\/portal\/wp-json\/wp\/v2\/posts\/6853","targetHints":{"allow":["GET"]}}],"collection":[{"href":"https:\/\/laultimapalabra.com.mx\/portal\/wp-json\/wp\/v2\/posts"}],"about":[{"href":"https:\/\/laultimapalabra.com.mx\/portal\/wp-json\/wp\/v2\/types\/post"}],"author":[{"embeddable":true,"href":"https:\/\/laultimapalabra.com.mx\/portal\/wp-json\/wp\/v2\/users\/9"}],"replies":[{"embeddable":true,"href":"https:\/\/laultimapalabra.com.mx\/portal\/wp-json\/wp\/v2\/comments?post=6853"}],"version-history":[{"count":1,"href":"https:\/\/laultimapalabra.com.mx\/portal\/wp-json\/wp\/v2\/posts\/6853\/revisions"}],"predecessor-version":[{"id":66674,"href":"https:\/\/laultimapalabra.com.mx\/portal\/wp-json\/wp\/v2\/posts\/6853\/revisions\/66674"}],"wp:featuredmedia":[{"embeddable":true,"href":"https:\/\/laultimapalabra.com.mx\/portal\/wp-json\/"}],"wp:attachment":[{"href":"https:\/\/laultimapalabra.com.mx\/portal\/wp-json\/wp\/v2\/media?parent=6853"}],"wp:term":[{"taxonomy":"category","embeddable":true,"href":"https:\/\/laultimapalabra.com.mx\/portal\/wp-json\/wp\/v2\/categories?post=6853"},{"taxonomy":"post_tag","embeddable":true,"href":"https:\/\/laultimapalabra.com.mx\/portal\/wp-json\/wp\/v2\/tags?post=6853"}],"curies":[{"name":"wp","href":"https:\/\/api.w.org\/{rel}","templated":true}]}}