                       {"id":6855,"date":"2019-03-15T03:31:28","date_gmt":"2019-03-15T03:31:28","guid":{"rendered":"http:\/\/laultimapalabra.info\/?p=6855"},"modified":"2024-12-11T08:53:49","modified_gmt":"2024-12-11T14:53:49","slug":"usted-tiene-la-ultima-palabra-55","status":"publish","type":"post","link":"https:\/\/laultimapalabra.com.mx\/portal\/usted-tiene-la-ultima-palabra-55\/","title":{"rendered":"Usted tiene&#8230; La \u00daltima Palabra"},"content":{"rendered":"<p style=\"text-align: justify;\"><strong><img loading=\"lazy\" decoding=\"async\" class=\"size-medium wp-image-390 alignleft\" src=\"https:\/\/laultimapalabra.com.mx\/portal\/wp-content\/uploads\/2018\/02\/28169846_1705449459476714_78449556_o-203x300.jpg\" alt=\"\" width=\"203\" height=\"300\" \/>100 d\u00edas<\/strong><\/p>\n<p style=\"text-align: justify;\">Por: Ing. Jes\u00fas Herrera R\u00e1bago<\/p>\n<p style=\"text-align: justify;\">Es com\u00fan que los gobiernos de todos los niveles sean evaluados en los primeros 100 d\u00edas de su administraci\u00f3n, incluso ellos mismos se ponen este plazo para marcar la l\u00ednea que seguir\u00e1 su gobierno.<br \/>\nEsta \u201cmoda\u201d, no es nueva, data de 1933 cuando por primera vez el presidente Franklin D. Roosevelt la utiliz\u00f3 al empezar su mandato. Viv\u00edan los tiempos de la Gran Depresi\u00f3n en Estados Unidos, y como entrada de su gobierno propuso el conocido New Deal (Nuevo Trato) cuyo objetivo era salir lo m\u00e1s pronto de la grave crisis que viv\u00edan. Para ello propuso, como primera estrategia, cien d\u00edas para mejorar la situaci\u00f3n a corto plazo, realizando reformas, programas de ayuda para el trabajo y programas de asistencia social.<br \/>\nObvio que en cien d\u00edas es imposible ver un cambio total, sin embargo, sirven para marcar rumbo. Esta semana se cumplieron los primeros cien d\u00edas de gobierno de Andr\u00e9s Manuel L\u00f3pez Obrador, los medios de comunicaci\u00f3n, analistas y el propio Presidente aprovecharon esta tradici\u00f3n para hacer un primer balance del Gobierno Federal.<br \/>\nIndependientemente de las diversas opiniones, an\u00e1lisis y cifras, lo primero que hay que decir es que la calificaci\u00f3n m\u00e1s importante la aprob\u00f3 el Presidente, pues el nivel de aprobaci\u00f3n de la ciudadan\u00eda ronda en el 80%, lo cual indica que no existe una decepci\u00f3n generalizada como muchos quieren hacerlo ver.<br \/>\nSin embargo, lo m\u00e1s importante, independientemente de los logros que pudiera tener, es que ha marcado una nueva forma de gobernar que ha sido atractiva para la gente. Simplemente el hecho de comportarse totalmente diferente a todos sus antecesores marca una diferencia radical en estos primeros 100 d\u00edas.<br \/>\nPodr\u00e1n objetarle mil cosas, pero ver a un presidente que todos los d\u00edas a la 7 de la ma\u00f1ana ya est\u00e1 atendiendo a los medios, ya tuvo reuniones con su equipo, es algo que resulta muy grato para el pueblo. Muchos a lo largo de nuestra vida no hab\u00edamos tenido la oportunidad de ver un primer mandatario as\u00ed.<br \/>\nEl otro punto es verlo moverse en aviones comerciales, sin todo el aparato de burocracia y vigilancia que acompa\u00f1aban a los presidentes, ha marcado un estilo de austeridad que nadie le puede reclamar, pues \u00e9l mismo lo pone en pr\u00e1ctica.<br \/>\nAspecto importante es su lucha contra el robo de combustibles, crisis de la cual sali\u00f3 bien librado, al igual que la crisis de maestros en Michoac\u00e1n, y sobre todo, ha librado el pron\u00f3stico fatalista de un desastre econ\u00f3mico con la llegada de su gobierno.<br \/>\nEs cierto que muchos dir\u00e1n que eso es secundario y no asegura un buen gobierno, sin embargo, medi\u00e1ticamente manda un mensaje muy importante de c\u00f3mo quiere gobernar. No quiero decir que este gobierno ser\u00e1 exitoso, sino simplemente que al d\u00eda de hoy la balanza es favorable.<br \/>\nAs\u00ed las cosas, en los 100 primeros d\u00edas de AMLO las cuentas son positivas, aunque habr\u00e1 que esperar los 2,090 d\u00edas restantes donde habr\u00e1 de irse completando la evaluaci\u00f3n final.<br \/>\nEsta es mi opini\u00f3n, usted tiene La \u00daltima Palabra.<\/p>\n","protected":false},"excerpt":{"rendered":"<p>100 d\u00edas Por: Ing. Jes\u00fas Herrera R\u00e1bago Es com\u00fan que los gobiernos de todos los niveles sean evaluados en los primeros 100 d\u00edas de su administraci\u00f3n, incluso ellos mismos se ponen este plazo para marcar la l\u00ednea que seguir\u00e1 su gobierno. Esta \u201cmoda\u201d, no es nueva, data de 1933 cuando por primera vez el presidente [&hellip;]<\/p>\n","protected":false},"author":9,"featured_media":390,"comment_status":"open","ping_status":"closed","sticky":false,"template":"","format":"standard","meta":{"footnotes":""},"categories":[1],"tags":[1278],"class_list":["post-6855","post","type-post","status-publish","format-standard","has-post-thumbnail","hentry","category-noticias","tag-ing-jesus-herrera-rabago"],"_links":{"self":[{"href":"https:\/\/laultimapalabra.com.mx\/portal\/wp-json\/wp\/v2\/posts\/6855","targetHints":{"allow":["GET"]}}],"collection":[{"href":"https:\/\/laultimapalabra.com.mx\/portal\/wp-json\/wp\/v2\/posts"}],"about":[{"href":"https:\/\/laultimapalabra.com.mx\/portal\/wp-json\/wp\/v2\/types\/post"}],"author":[{"embeddable":true,"href":"https:\/\/laultimapalabra.com.mx\/portal\/wp-json\/wp\/v2\/users\/9"}],"replies":[{"embeddable":true,"href":"https:\/\/laultimapalabra.com.mx\/portal\/wp-json\/wp\/v2\/comments?post=6855"}],"version-history":[{"count":1,"href":"https:\/\/laultimapalabra.com.mx\/portal\/wp-json\/wp\/v2\/posts\/6855\/revisions"}],"predecessor-version":[{"id":66676,"href":"https:\/\/laultimapalabra.com.mx\/portal\/wp-json\/wp\/v2\/posts\/6855\/revisions\/66676"}],"wp:featuredmedia":[{"embeddable":true,"href":"https:\/\/laultimapalabra.com.mx\/portal\/wp-json\/"}],"wp:attachment":[{"href":"https:\/\/laultimapalabra.com.mx\/portal\/wp-json\/wp\/v2\/media?parent=6855"}],"wp:term":[{"taxonomy":"category","embeddable":true,"href":"https:\/\/laultimapalabra.com.mx\/portal\/wp-json\/wp\/v2\/categories?post=6855"},{"taxonomy":"post_tag","embeddable":true,"href":"https:\/\/laultimapalabra.com.mx\/portal\/wp-json\/wp\/v2\/tags?post=6855"}],"curies":[{"name":"wp","href":"https:\/\/api.w.org\/{rel}","templated":true}]}}