                       {"id":6942,"date":"2019-03-21T20:29:14","date_gmt":"2019-03-22T02:29:14","guid":{"rendered":"http:\/\/laultimapalabra.info\/?p=6942"},"modified":"2024-12-11T08:53:50","modified_gmt":"2024-12-11T14:53:50","slug":"maraton-de-ciclismo-de-montana-en-cadereyta","status":"publish","type":"post","link":"https:\/\/laultimapalabra.com.mx\/portal\/maraton-de-ciclismo-de-montana-en-cadereyta\/","title":{"rendered":"Marat\u00f3n de ciclismo de monta\u00f1a en Cadereyta"},"content":{"rendered":"<p style=\"text-align: justify;\"><img loading=\"lazy\" decoding=\"async\" class=\"size-medium wp-image-6936 alignright\" src=\"https:\/\/laultimapalabra.com.mx\/portal\/wp-content\/uploads\/2019\/03\/maraton-55-300x201.jpg\" alt=\"\" width=\"300\" height=\"201\" \/>La Presidencia Municipal de Cadereyta, la direcci\u00f3n de deportes, la Liga de Ciclismo de Monta\u00f1a de Nuevo Le\u00f3n y el Club de Ciclismo Titanes de Cadereyta invita a los ciclistas que conforman la liga de ciclismo, escuelas de ciclismo, ciclistas libres y locales a participar en este gran evento de marat\u00f3n de ciclismo de monta\u00f1a el pr\u00f3ximo domingo 24 de marzo. Tambi\u00e9n se hace extensiva la invitaci\u00f3n al p\u00fablico en general para que acuda apoyar a estos deportistas. Este marat\u00f3n corresponde a la 3etapa del serial de maratones de la Liga de Ciclismo Nuevo Le\u00f3n 2019. En Garc\u00eda y Allende se corrieron la primera y segunda etapa respectivamente. Se espera la participaci\u00f3n de aproximadamente 550 ciclistas de monta\u00f1a y familiares. Cabe mencionar que es el 6 a\u00f1o consecutivo que viene este marat\u00f3n a la Ciudad. La salida y meta estar\u00e1 ubicada sobre la calle Benito Ju\u00e1rez esquina con 18 de marzo en Colonia las Palmas a un lado del complejo deportivo de la Secci\u00f3n 49 del sindicato de Pemex. Las 4 pistas est\u00e1n totalmente marcadas y rodables a pesar de la lluvia de estos d\u00edas, dicho sea de paso, el lodo y charcos ser\u00e1n un ingrediente a parte que le dar\u00e1 un mayor grado de dificultad a la competencia.<br \/>\nEn la edici\u00f3n de la pr\u00f3xima semana comentaremos todos los pormenores de este marat\u00f3n de ciclismo de monta\u00f1a.<br \/>\nClub de Ciclismo Titanes de Cadereyta<\/p>\n","protected":false},"excerpt":{"rendered":"<p>La Presidencia Municipal de Cadereyta, la direcci\u00f3n de deportes, la Liga de Ciclismo de Monta\u00f1a de Nuevo Le\u00f3n y el Club de Ciclismo Titanes de Cadereyta invita a los ciclistas que conforman la liga de ciclismo, escuelas de ciclismo, ciclistas libres y locales a participar en este gran evento de marat\u00f3n de ciclismo de monta\u00f1a [&hellip;]<\/p>\n","protected":false},"author":9,"featured_media":6937,"comment_status":"open","ping_status":"closed","sticky":false,"template":"","format":"standard","meta":{"footnotes":""},"categories":[1],"tags":[559],"class_list":["post-6942","post","type-post","status-publish","format-standard","has-post-thumbnail","hentry","category-noticias","tag-ciclismo-cadereyta"],"_links":{"self":[{"href":"https:\/\/laultimapalabra.com.mx\/portal\/wp-json\/wp\/v2\/posts\/6942","targetHints":{"allow":["GET"]}}],"collection":[{"href":"https:\/\/laultimapalabra.com.mx\/portal\/wp-json\/wp\/v2\/posts"}],"about":[{"href":"https:\/\/laultimapalabra.com.mx\/portal\/wp-json\/wp\/v2\/types\/post"}],"author":[{"embeddable":true,"href":"https:\/\/laultimapalabra.com.mx\/portal\/wp-json\/wp\/v2\/users\/9"}],"replies":[{"embeddable":true,"href":"https:\/\/laultimapalabra.com.mx\/portal\/wp-json\/wp\/v2\/comments?post=6942"}],"version-history":[{"count":1,"href":"https:\/\/laultimapalabra.com.mx\/portal\/wp-json\/wp\/v2\/posts\/6942\/revisions"}],"predecessor-version":[{"id":66718,"href":"https:\/\/laultimapalabra.com.mx\/portal\/wp-json\/wp\/v2\/posts\/6942\/revisions\/66718"}],"wp:featuredmedia":[{"embeddable":true,"href":"https:\/\/laultimapalabra.com.mx\/portal\/wp-json\/"}],"wp:attachment":[{"href":"https:\/\/laultimapalabra.com.mx\/portal\/wp-json\/wp\/v2\/media?parent=6942"}],"wp:term":[{"taxonomy":"category","embeddable":true,"href":"https:\/\/laultimapalabra.com.mx\/portal\/wp-json\/wp\/v2\/categories?post=6942"},{"taxonomy":"post_tag","embeddable":true,"href":"https:\/\/laultimapalabra.com.mx\/portal\/wp-json\/wp\/v2\/tags?post=6942"}],"curies":[{"name":"wp","href":"https:\/\/api.w.org\/{rel}","templated":true}]}}