                       {"id":6944,"date":"2019-03-21T20:36:27","date_gmt":"2019-03-22T02:36:27","guid":{"rendered":"http:\/\/laultimapalabra.info\/?p=6944"},"modified":"2024-12-11T08:53:50","modified_gmt":"2024-12-11T14:53:50","slug":"13-de-marzo-de-1915-el-dia-que-pancho-villa-tomo-la-ciudad-de-monterrey","status":"publish","type":"post","link":"https:\/\/laultimapalabra.com.mx\/portal\/13-de-marzo-de-1915-el-dia-que-pancho-villa-tomo-la-ciudad-de-monterrey\/","title":{"rendered":"13 de Marzo de 1915\u2026 el d\u00eda que Pancho Villa tom\u00f3 la Ciudad de Monterrey"},"content":{"rendered":"<p style=\"text-align: justify;\"><img loading=\"lazy\" decoding=\"async\" class=\"size-medium wp-image-6947 alignleft\" src=\"https:\/\/laultimapalabra.com.mx\/portal\/wp-content\/uploads\/2019\/03\/division-del-norte-2-300x207.jpg\" alt=\"\" width=\"300\" height=\"207\" \/>Por: Dr. Jose Ascensi\u00f3n Tijerina Flores<\/p>\n<p style=\"text-align: justify;\">Poca informaci\u00f3n existe con respecto a la visita de Villa a Monterrey, tal vez las fotos y reportajes fueron desaparecidos por raz\u00f3n de ser Villa un consumado enemigo p\u00fablico al t\u00e9rmino de la Revoluci\u00f3n. Era acusado de ladr\u00f3n, asesino, roba vacas y no como un en\u00e9rgico patriota protector de los m\u00e1s desprotegidos.<br \/>\nDoroteo Arango Ar\u00e1mbula, alias Pancho Villa fue adem\u00e1s un visionario estadista que gobern\u00f3 el Estado de Chihuahua con mucha precisi\u00f3n.<br \/>\nEn 1915 se libraba la lucha armada entre los principales l\u00edderes de la Revoluci\u00f3n, en el centro del Pa\u00eds y parte del sur, Venustiano Carranza dominaba y en Morelos, Emiliano Zapata era el gran l\u00edder. El norte era la posici\u00f3n militar y pol\u00edtica de Villa, lleg\u00f3 a Monterrey en busca de dinero para preparar un enfrentamiento con la fuerza militar de \u00c1lvaro Obreg\u00f3n brazo derecho de Venustiano Carranza.\u00a0<img loading=\"lazy\" decoding=\"async\" class=\"size-medium wp-image-6946 alignright\" src=\"https:\/\/laultimapalabra.com.mx\/portal\/wp-content\/uploads\/2019\/03\/1972073-300x200.jpg\" alt=\"\" width=\"300\" height=\"200\" \/><br \/>\nAntonio I. Villarreal, allegado a Carranza era el Gobernador de Nuevo Le\u00f3n, ya en enero los carrancistas se hab\u00edan enfrentado a Villa en Ramos Arizpe, Villa sali\u00f3 victorioso en aquella batalla dejando el campo libre para su llegada a Monterrey.<br \/>\nEl Gobernador Villarreal huye de Nuevo Le\u00f3n, como tambi\u00e9n los carrancistas para que el gobierno de la convenci\u00f3n revolucionaria llegue a principios de febrero de 1915 y se establezca entre febrero y mayo.<br \/>\nEsta convenci\u00f3n busc\u00f3 crear un nuevo gobierno y tomando como base el Plan de Ayala con la propuesta Zapatista nombra como gobernador a Ra\u00fal Madero, hermano de Francisco Ignacio Madero, aunque su mandato dur\u00f3 solo de febrero a mayo porque los carrancistas volver\u00edan a tomar el poder.<br \/>\nVilla llega a Monterrey el 13 de marzo para retirarse el d\u00eda 24 del mismo mes. El Centauro exige a los empresarios reunirse en el palacio de gobierno y los acusa de enriquecimiento y acaparamiento de v\u00edveres por lo que les pide un mill\u00f3n de pesos para continuar su lucha.<br \/>\nEl presidente de la C\u00e1mara Nacional de Comercio Carlos Cant\u00fa Garza se opone a ello, por lo que Villa ordena su fusilamiento pero el General Felipe \u00c1ngeles su primer Oficial de toda confianza lo detiene y evita aquel crimen.<br \/>\nLos industriales logran reunir solo trescientos mil pesos que fueron repartidos entre 330 familias de escasos recursos y parte de sus tropas.<br \/>\nSe lleg\u00f3 a decir que durante su estancia el General Villa entrar\u00eda a pernoctar en el Hotel Ancira con todo y su caballo, inclusive que dispar\u00f3 su arma en el bar y en el patio central (lobby) de aquel primer hotel de lujo de Monterrey que a\u00fan guarda comentarios de aquel hecho, sin embargo resulta poco cre\u00edble esa acci\u00f3n, pues el General Villa siempre descansaba en su vag\u00f3n exclusivo del ferrocarril por desconfianza l\u00f3gica para poder huir en caso necesario. Su ferrocarril se encontraba estacionado en la desaparecida Estaci\u00f3n Uni\u00f3n.<br \/>\nUna vez retirado de las armas y la pol\u00edtica, Villa fue v\u00edctima de un premeditado plan en su contra muriendo asesinado un 20 de julio de 1923 en Parral Chihuahua a los 45 a\u00f1os de edad.<br \/>\nTomado de los escritos del Historiador Oscar Flores.<br \/>\nGracias<\/p>\n","protected":false},"excerpt":{"rendered":"<p>Por: Dr. Jose Ascensi\u00f3n Tijerina Flores Poca informaci\u00f3n existe con respecto a la visita de Villa a Monterrey, tal vez las fotos y reportajes fueron desaparecidos por raz\u00f3n de ser Villa un consumado enemigo p\u00fablico al t\u00e9rmino de la Revoluci\u00f3n. Era acusado de ladr\u00f3n, asesino, roba vacas y no como un en\u00e9rgico patriota protector de [&hellip;]<\/p>\n","protected":false},"author":9,"featured_media":6947,"comment_status":"open","ping_status":"closed","sticky":false,"template":"","format":"standard","meta":{"footnotes":""},"categories":[1],"tags":[879],"class_list":["post-6944","post","type-post","status-publish","format-standard","has-post-thumbnail","hentry","category-noticias","tag-dr-jose-ascencion-tijerina-flores"],"_links":{"self":[{"href":"https:\/\/laultimapalabra.com.mx\/portal\/wp-json\/wp\/v2\/posts\/6944","targetHints":{"allow":["GET"]}}],"collection":[{"href":"https:\/\/laultimapalabra.com.mx\/portal\/wp-json\/wp\/v2\/posts"}],"about":[{"href":"https:\/\/laultimapalabra.com.mx\/portal\/wp-json\/wp\/v2\/types\/post"}],"author":[{"embeddable":true,"href":"https:\/\/laultimapalabra.com.mx\/portal\/wp-json\/wp\/v2\/users\/9"}],"replies":[{"embeddable":true,"href":"https:\/\/laultimapalabra.com.mx\/portal\/wp-json\/wp\/v2\/comments?post=6944"}],"version-history":[{"count":1,"href":"https:\/\/laultimapalabra.com.mx\/portal\/wp-json\/wp\/v2\/posts\/6944\/revisions"}],"predecessor-version":[{"id":66720,"href":"https:\/\/laultimapalabra.com.mx\/portal\/wp-json\/wp\/v2\/posts\/6944\/revisions\/66720"}],"wp:featuredmedia":[{"embeddable":true,"href":"https:\/\/laultimapalabra.com.mx\/portal\/wp-json\/"}],"wp:attachment":[{"href":"https:\/\/laultimapalabra.com.mx\/portal\/wp-json\/wp\/v2\/media?parent=6944"}],"wp:term":[{"taxonomy":"category","embeddable":true,"href":"https:\/\/laultimapalabra.com.mx\/portal\/wp-json\/wp\/v2\/categories?post=6944"},{"taxonomy":"post_tag","embeddable":true,"href":"https:\/\/laultimapalabra.com.mx\/portal\/wp-json\/wp\/v2\/tags?post=6944"}],"curies":[{"name":"wp","href":"https:\/\/api.w.org\/{rel}","templated":true}]}}