                       {"id":6951,"date":"2019-03-21T20:44:40","date_gmt":"2019-03-22T02:44:40","guid":{"rendered":"http:\/\/laultimapalabra.info\/?p=6951"},"modified":"2024-12-11T08:53:50","modified_gmt":"2024-12-11T14:53:50","slug":"la-foto-del-recuerdo-10","status":"publish","type":"post","link":"https:\/\/laultimapalabra.com.mx\/portal\/la-foto-del-recuerdo-10\/","title":{"rendered":"La Foto del Recuerdo"},"content":{"rendered":"<p><img loading=\"lazy\" decoding=\"async\" class=\"alignnone  wp-image-6945\" src=\"https:\/\/laultimapalabra.com.mx\/portal\/wp-content\/uploads\/2019\/03\/739ffb87-31db-4812-ad0f-37adb26f393f-300x243.jpg\" alt=\"\" width=\"563\" height=\"456\" \/><\/p>\n<p style=\"text-align: justify;\">La empresa \u201ctransportes Monterrey-Cadereyta\u201d en sus inicios (posiblemente 1940).<br \/>\nSolo logramos identificar a Don Porfirio P\u00e9rez y a Don Tom\u00e1s Cant\u00fa Trevi\u00f1o hacia el extremo derecho. \u00bfUsted amable lector puede identificar a alguien m\u00e1s?<br \/>\nAgradecemos al amigo \u00c1ngel Mario Rodr\u00edguez, el habernos enviado esta hist\u00f3rica fotograf\u00eda.<\/p>\n<p>&nbsp;<\/p>\n","protected":false},"excerpt":{"rendered":"<p>La empresa \u201ctransportes Monterrey-Cadereyta\u201d en sus inicios (posiblemente 1940). Solo logramos identificar a Don Porfirio P\u00e9rez y a Don Tom\u00e1s Cant\u00fa Trevi\u00f1o hacia el extremo derecho. \u00bfUsted amable lector puede identificar a alguien m\u00e1s? Agradecemos al amigo \u00c1ngel Mario Rodr\u00edguez, el habernos enviado esta hist\u00f3rica fotograf\u00eda. &nbsp;<\/p>\n","protected":false},"author":9,"featured_media":6945,"comment_status":"open","ping_status":"closed","sticky":false,"template":"","format":"standard","meta":{"footnotes":""},"categories":[1],"tags":[1380],"class_list":["post-6951","post","type-post","status-publish","format-standard","has-post-thumbnail","hentry","category-noticias","tag-la-foto-del-recuerdo"],"_links":{"self":[{"href":"https:\/\/laultimapalabra.com.mx\/portal\/wp-json\/wp\/v2\/posts\/6951","targetHints":{"allow":["GET"]}}],"collection":[{"href":"https:\/\/laultimapalabra.com.mx\/portal\/wp-json\/wp\/v2\/posts"}],"about":[{"href":"https:\/\/laultimapalabra.com.mx\/portal\/wp-json\/wp\/v2\/types\/post"}],"author":[{"embeddable":true,"href":"https:\/\/laultimapalabra.com.mx\/portal\/wp-json\/wp\/v2\/users\/9"}],"replies":[{"embeddable":true,"href":"https:\/\/laultimapalabra.com.mx\/portal\/wp-json\/wp\/v2\/comments?post=6951"}],"version-history":[{"count":1,"href":"https:\/\/laultimapalabra.com.mx\/portal\/wp-json\/wp\/v2\/posts\/6951\/revisions"}],"predecessor-version":[{"id":66722,"href":"https:\/\/laultimapalabra.com.mx\/portal\/wp-json\/wp\/v2\/posts\/6951\/revisions\/66722"}],"wp:featuredmedia":[{"embeddable":true,"href":"https:\/\/laultimapalabra.com.mx\/portal\/wp-json\/"}],"wp:attachment":[{"href":"https:\/\/laultimapalabra.com.mx\/portal\/wp-json\/wp\/v2\/media?parent=6951"}],"wp:term":[{"taxonomy":"category","embeddable":true,"href":"https:\/\/laultimapalabra.com.mx\/portal\/wp-json\/wp\/v2\/categories?post=6951"},{"taxonomy":"post_tag","embeddable":true,"href":"https:\/\/laultimapalabra.com.mx\/portal\/wp-json\/wp\/v2\/tags?post=6951"}],"curies":[{"name":"wp","href":"https:\/\/api.w.org\/{rel}","templated":true}]}}