                       {"id":7008,"date":"2019-03-21T22:03:31","date_gmt":"2019-03-22T04:03:31","guid":{"rendered":"http:\/\/laultimapalabra.info\/?p=7008"},"modified":"2024-12-11T08:53:51","modified_gmt":"2024-12-11T14:53:51","slug":"en-juarez-arranca-pri-afiliacion","status":"publish","type":"post","link":"https:\/\/laultimapalabra.com.mx\/portal\/en-juarez-arranca-pri-afiliacion\/","title":{"rendered":"En Ju\u00e1rez\u2026 Arranca PRI afiliaci\u00f3n"},"content":{"rendered":"<p style=\"text-align: justify;\">Designan a Paco Trevi\u00f1o coordinador de la Jornada Nacional de Afiliaci\u00f3n y Refrendo de la Militancia.<\/p>\n<p style=\"text-align: justify;\"><img loading=\"lazy\" decoding=\"async\" class=\"size-medium wp-image-7010 alignright\" src=\"https:\/\/laultimapalabra.com.mx\/portal\/wp-content\/uploads\/2019\/03\/2-12-300x200.jpg\" alt=\"\" width=\"300\" height=\"200\" \/>CD. BENITO JU\u00c1REZ, N.L.-<br \/>\nComo en los viejos tiempos, la maquinaria priista volvi\u00f3 a desempolvarse para unirse a las estrategias de lograr llegar fuerte a los cambios que se viven actualmente en la pol\u00edtica regional y nacional.<br \/>\nCon la presencia de Lorena de la Garza Venecia en representaci\u00f3n del Presidente del Comit\u00e9 Directivo estatal, Pedro Pablo Trevi\u00f1o; Jorge de Le\u00f3n Fern\u00e1ndez, diputado local y del Delegado del CEN, V\u00edctor Hugo Celaya Celaya, los priistas tomaron la bandera del nuevo reto la tarde del mi\u00e9rcoles en el sal\u00f3n Bugambilias de la avenida Acueducto.<br \/>\n<img loading=\"lazy\" decoding=\"async\" class=\"size-medium wp-image-7013 alignleft\" src=\"https:\/\/laultimapalabra.com.mx\/portal\/wp-content\/uploads\/2019\/03\/5-300x200.jpg\" alt=\"\" width=\"300\" height=\"200\" \/>Tambi\u00e9n se encontraba presente el presidente del Comit\u00e9 Directivo Municipal del tricolor Julio Cant\u00fa junto con el l\u00edder estatal de la Confederaci\u00f3n Nacional Campesina, Esa\u00fa Gonz\u00e1lez Arias y el dirigente municipal de la CNOP, Paco Trevi\u00f1o Cant\u00fa.<br \/>\nEn los discursos se mencion\u00f3 la importancia de Ju\u00e1rez para el PRI estatal, municipio que calificaron como un basti\u00f3n tricolor en el \u00e1rea metropolitana, gracias a la estructura formada por el actual alcalde, quien en su reelecci\u00f3n fue uno de los triunfos m\u00e1s notables.<br \/>\n<img loading=\"lazy\" decoding=\"async\" class=\"size-medium wp-image-7011 alignright\" src=\"https:\/\/laultimapalabra.com.mx\/portal\/wp-content\/uploads\/2019\/03\/3-5-300x200.jpg\" alt=\"\" width=\"300\" height=\"200\" \/>Explicaron que la jornada nacional de afiliaci\u00f3n busca tener una representaci\u00f3n activa de los militantes para acercarlos m\u00e1s al partido y que se sientan cohesionados dentro del tricolor.<br \/>\nLorena de la Garza Venecia, secretar\u00eda general del partido, mencion\u00f3 que hace muchos a\u00f1os que no se realizaba una campa\u00f1a de esa magnitud, ya que la militancia ha cambiado y que ya muchos de los que aparecen en el padr\u00f3n, ya han fallecido y otros tantos ya est\u00e1n en otros partidos, por lo que buscan la certeza de cual es realmente su membres\u00eda.<br \/>\nEn el evento le tomaron la protesta a Paco Trevi\u00f1o como coordinador de la campa\u00f1a de reafiliaci\u00f3n y refrendo de militancia, y fue el primer priista que refrend\u00f3 su militancia en Ju\u00e1rez en un m\u00f3dulo a manera de arranque.<br \/>\nLe fueron entregas al tambi\u00e9n dirigente municipal de la CNOP varias cajas que contienen 27,500 credenciales que ser\u00e1n repartidas estrat\u00e9gicamente por secciones para llenar el requisito del partido.<br \/>\nAl hacer uso de la palabra, Paco Trevi\u00f1o agradeci\u00f3 el apoyo brindado por su partido para la tit\u00e1nica tarea llena de responsabilidad que enfrentar\u00e1 junto con sus correligionarios.<\/p>\n","protected":false},"excerpt":{"rendered":"<p>Designan a Paco Trevi\u00f1o coordinador de la Jornada Nacional de Afiliaci\u00f3n y Refrendo de la Militancia. CD. BENITO JU\u00c1REZ, N.L.- Como en los viejos tiempos, la maquinaria priista volvi\u00f3 a desempolvarse para unirse a las estrategias de lograr llegar fuerte a los cambios que se viven actualmente en la pol\u00edtica regional y nacional. Con la [&hellip;]<\/p>\n","protected":false},"author":9,"featured_media":7009,"comment_status":"open","ping_status":"closed","sticky":false,"template":"","format":"standard","meta":{"footnotes":""},"categories":[18],"tags":[67,592,1684],"class_list":["post-7008","post","type-post","status-publish","format-standard","has-post-thumbnail","hentry","category-locales-juarez","tag-afiliacion-juarez","tag-cnop-juarez","tag-paco-trevino"],"_links":{"self":[{"href":"https:\/\/laultimapalabra.com.mx\/portal\/wp-json\/wp\/v2\/posts\/7008","targetHints":{"allow":["GET"]}}],"collection":[{"href":"https:\/\/laultimapalabra.com.mx\/portal\/wp-json\/wp\/v2\/posts"}],"about":[{"href":"https:\/\/laultimapalabra.com.mx\/portal\/wp-json\/wp\/v2\/types\/post"}],"author":[{"embeddable":true,"href":"https:\/\/laultimapalabra.com.mx\/portal\/wp-json\/wp\/v2\/users\/9"}],"replies":[{"embeddable":true,"href":"https:\/\/laultimapalabra.com.mx\/portal\/wp-json\/wp\/v2\/comments?post=7008"}],"version-history":[{"count":1,"href":"https:\/\/laultimapalabra.com.mx\/portal\/wp-json\/wp\/v2\/posts\/7008\/revisions"}],"predecessor-version":[{"id":66756,"href":"https:\/\/laultimapalabra.com.mx\/portal\/wp-json\/wp\/v2\/posts\/7008\/revisions\/66756"}],"wp:featuredmedia":[{"embeddable":true,"href":"https:\/\/laultimapalabra.com.mx\/portal\/wp-json\/"}],"wp:attachment":[{"href":"https:\/\/laultimapalabra.com.mx\/portal\/wp-json\/wp\/v2\/media?parent=7008"}],"wp:term":[{"taxonomy":"category","embeddable":true,"href":"https:\/\/laultimapalabra.com.mx\/portal\/wp-json\/wp\/v2\/categories?post=7008"},{"taxonomy":"post_tag","embeddable":true,"href":"https:\/\/laultimapalabra.com.mx\/portal\/wp-json\/wp\/v2\/tags?post=7008"}],"curies":[{"name":"wp","href":"https:\/\/api.w.org\/{rel}","templated":true}]}}