                       {"id":7035,"date":"2019-03-25T09:45:37","date_gmt":"2019-03-25T15:45:37","guid":{"rendered":"http:\/\/laultimapalabra.info\/?p=7035"},"modified":"2024-12-11T08:53:52","modified_gmt":"2024-12-11T14:53:52","slug":"detiene-policia-de-cadereyta-a-ladrones-de-gasolinera","status":"publish","type":"post","link":"https:\/\/laultimapalabra.com.mx\/portal\/detiene-policia-de-cadereyta-a-ladrones-de-gasolinera\/","title":{"rendered":"Detiene Polic\u00eda de Cadereyta a ladrones de gasolinera"},"content":{"rendered":"<p style=\"text-align: justify;\"><img loading=\"lazy\" decoding=\"async\" class=\"size-medium wp-image-7036 alignleft\" src=\"https:\/\/laultimapalabra.com.mx\/portal\/wp-content\/uploads\/2019\/03\/55504348_2277418185636378_6201008262238699520_n-250x300.jpg\" alt=\"\" width=\"250\" height=\"300\" \/> Cadereyta Jim\u00e9nez, N.L.-<br \/>\nDos personas fueron detenidas por Elementos de Seguridad P\u00fablica Municipal el viernes por la noche despu\u00e9s de haber robado con violencia y arma de fuego una gasolinera de la zona centro de Cadereyta Jim\u00e9nez.<br \/>\n<img loading=\"lazy\" decoding=\"async\" class=\"size-medium wp-image-7037 alignright\" src=\"https:\/\/laultimapalabra.com.mx\/portal\/wp-content\/uploads\/2019\/03\/55686686_2277418238969706_8386505866911678464_n-225x300.jpg\" alt=\"\" width=\"225\" height=\"300\" \/>Despu\u00e9s de recibir el reporte v\u00eda frecuencia sobre un robo en una gasolinera de la calle Cuauht\u00e9moc y carretera Chihuahuita, los uniformados se trasladaron al lugar de los hechos recibiendo\u00a0<span class=\"text_exposed_show\">informaci\u00f3n de los afectados que los asaltantes huyeron en una moto color gris y describiendo sus facciones.<br \/>\nEn coordinaci\u00f3n, Seguridad P\u00fablica y Tr\u00e1nsito Municipal, lograron su captura kil\u00f3metros m\u00e1s adelante de los sospechosos quienes fueron identificados como Francisco C. de 38 a\u00f1os y Antonio S. de 23 a\u00f1os quienes cometieron el atraco y fueron puestos a disposici\u00f3n del Ministerio Publico, recuperando lo robado.<\/span><\/p>\n","protected":false},"excerpt":{"rendered":"<p>Cadereyta Jim\u00e9nez, N.L.- Dos personas fueron detenidas por Elementos de Seguridad P\u00fablica Municipal el viernes por la noche despu\u00e9s de haber robado con violencia y arma de fuego una gasolinera de la zona centro de Cadereyta Jim\u00e9nez. Despu\u00e9s de recibir el reporte v\u00eda frecuencia sobre un robo en una gasolinera de la calle Cuauht\u00e9moc y [&hellip;]<\/p>\n","protected":false},"author":9,"featured_media":7038,"comment_status":"open","ping_status":"closed","sticky":false,"template":"","format":"standard","meta":{"footnotes":""},"categories":[17,8,9],"tags":[189],"class_list":["post-7035","post","type-post","status-publish","format-standard","has-post-thumbnail","hentry","category-locales-cadereyta","category-seguridad","category-seguridad-cadereyta","tag-asaltos-cadereyta"],"_links":{"self":[{"href":"https:\/\/laultimapalabra.com.mx\/portal\/wp-json\/wp\/v2\/posts\/7035","targetHints":{"allow":["GET"]}}],"collection":[{"href":"https:\/\/laultimapalabra.com.mx\/portal\/wp-json\/wp\/v2\/posts"}],"about":[{"href":"https:\/\/laultimapalabra.com.mx\/portal\/wp-json\/wp\/v2\/types\/post"}],"author":[{"embeddable":true,"href":"https:\/\/laultimapalabra.com.mx\/portal\/wp-json\/wp\/v2\/users\/9"}],"replies":[{"embeddable":true,"href":"https:\/\/laultimapalabra.com.mx\/portal\/wp-json\/wp\/v2\/comments?post=7035"}],"version-history":[{"count":1,"href":"https:\/\/laultimapalabra.com.mx\/portal\/wp-json\/wp\/v2\/posts\/7035\/revisions"}],"predecessor-version":[{"id":66768,"href":"https:\/\/laultimapalabra.com.mx\/portal\/wp-json\/wp\/v2\/posts\/7035\/revisions\/66768"}],"wp:featuredmedia":[{"embeddable":true,"href":"https:\/\/laultimapalabra.com.mx\/portal\/wp-json\/"}],"wp:attachment":[{"href":"https:\/\/laultimapalabra.com.mx\/portal\/wp-json\/wp\/v2\/media?parent=7035"}],"wp:term":[{"taxonomy":"category","embeddable":true,"href":"https:\/\/laultimapalabra.com.mx\/portal\/wp-json\/wp\/v2\/categories?post=7035"},{"taxonomy":"post_tag","embeddable":true,"href":"https:\/\/laultimapalabra.com.mx\/portal\/wp-json\/wp\/v2\/tags?post=7035"}],"curies":[{"name":"wp","href":"https:\/\/api.w.org\/{rel}","templated":true}]}}