                       {"id":71,"date":"2018-01-31T23:40:09","date_gmt":"2018-01-31T23:40:09","guid":{"rendered":"http:\/\/laultimapalabra.info\/?p=71"},"modified":"2024-12-11T08:36:53","modified_gmt":"2024-12-11T14:36:53","slug":"el-escandalo-fue-politico-familiar-doctor-sabas","status":"publish","type":"post","link":"https:\/\/laultimapalabra.com.mx\/portal\/el-escandalo-fue-politico-familiar-doctor-sabas\/","title":{"rendered":"\u201cEl esc\u00e1ndalo fue pol\u00edtico-familiar\u201d.- Doctor Sab\u00e1s"},"content":{"rendered":"<p style=\"text-align: justify;\"><img loading=\"lazy\" decoding=\"async\" class=\"size-medium wp-image-72 alignleft\" src=\"https:\/\/laultimapalabra.com.mx\/portal\/wp-content\/uploads\/2018\/01\/bronca-225x300.jpg\" alt=\"\" width=\"225\" height=\"300\" \/>Se\u00f1ala el conocido m\u00e9dico que la familia que lo ataca es porque no los incluy\u00f3 el su proyecto y probablemente influenciado por Adolfo Villarreal<\/p>\n<p style=\"text-align: justify;\">Miguel Oscar P\u00e9rez<br \/>\nCADEREYTA JIM\u00c9NEZ, N.L.-<br \/>\nDespu\u00e9s del esc\u00e1ndalo desatado derivado de un problema pol\u00edtico-electoral y en el marco de la presentaci\u00f3n de los resultados de las primeras 100 mamograf\u00edas de mil gratuitas, el doctor Sab\u00e1s Ren\u00e9 Tamez, mencion\u00f3 que si es un pleito familiar del cual \u00e9l tiene las pruebas de dicho.<br \/>\n\u201cEsto viene de problemas familiares y no dejo de ser una persona, un ser humano y no dejo de hacer lo mismo que hacen ustedes y aparte soy cirujano y soy m\u00e9dico, tambi\u00e9n tengo sentimientos y me da coraje\u201d expres\u00f3 el doctor.<br \/>\nMencion\u00f3 que la persona que aparece en su video de nombre Francisco Salazar, hijo de un medio hermano suyo ya fallecido, es del partido Morena, de hueso colorado y agrega: \u201cA lo mejor est\u00e1 molesto porque no lo convoqu\u00e9 cuando reci\u00e9n me llev\u00f3 Dios por ese camino escabroso yo conozco lo que tengo\u201d, aclar\u00f3 el Tamez P\u00e9rez.<br \/>\nMencion\u00f3 que \u00e9l sabr\u00e1 a quien sume en sus aspiraciones, pero no a quien reste a quien le d\u00e9 buena vibra no que le d\u00e9 mala vibra y que aunque est\u00e9 dentro de su familia no los convocar\u00e1.<br \/>\n\u201cNo porque eres de mi gente te voy a acarrear, y bueno, todo ese odio, toda esa frustraci\u00f3n, todo ese sentimiento negativo lo encauzas mal y yo tambi\u00e9n saqu\u00e9 lo primitivo de mi cerebro, sentimiento y me cost\u00f3 20,000 visitas \u00bfa ver cu\u00e1ndo me da dinero Youtube?\u201d, expres\u00f3.<br \/>\nDijo que la familia que cre\u00f3 la pol\u00e9mica se benefici\u00f3 en cierto momento recibi\u00f3 beneficio de \u00e9l y de su familia.<br \/>\n\u201cYa los perdon\u00e9, pero si en ese ratito te sale el coraje, de \u2013No manches- si has comido de mi mano y me est\u00e1s tupiendo y me est\u00e1s mordiendo la mano, pues cualquiera se da un sac\u00f3n y le da un trancazo al perro\u201d, dijo.<br \/>\nAl cuestionarlo sobre la versi\u00f3n del empleado estatal cuando se\u00f1al\u00f3 que el galeno hab\u00eda ido a amenazar a su hermana con un arma estadio presentes varios ni\u00f1os, el m\u00e9dico respondi\u00f3 que ser\u00eda una versi\u00f3n que tendr\u00eda que probar.<br \/>\n\u201cNo se vale, porque de mi han comido, los he ayudado econ\u00f3micamente, pero los genes son los genes\u201d, sentenci\u00f3.<br \/>\nDijo que probablemente su familiar quien presuntamente neg\u00f3 el parentesco, est\u00e9 coucheado con Adolfo Villarreal pero tratan de sacar partido a todo lo pol\u00edtico, pero que el caso ya se ventila en instancias legales.<\/p>\n","protected":false},"excerpt":{"rendered":"<p>Se\u00f1ala el conocido m\u00e9dico que la familia que lo ataca es porque no los incluy\u00f3 el su proyecto y probablemente influenciado por Adolfo Villarreal Miguel Oscar P\u00e9rez CADEREYTA JIM\u00c9NEZ, N.L.- Despu\u00e9s del esc\u00e1ndalo desatado derivado de un problema pol\u00edtico-electoral y en el marco de la presentaci\u00f3n de los resultados de las primeras 100 mamograf\u00edas de [&hellip;]<\/p>\n","protected":false},"author":9,"featured_media":72,"comment_status":"open","ping_status":"closed","sticky":false,"template":"","format":"standard","meta":{"footnotes":""},"categories":[17],"tags":[880],"class_list":["post-71","post","type-post","status-publish","format-standard","has-post-thumbnail","hentry","category-locales-cadereyta","tag-dr-sabas-tamez"],"_links":{"self":[{"href":"https:\/\/laultimapalabra.com.mx\/portal\/wp-json\/wp\/v2\/posts\/71","targetHints":{"allow":["GET"]}}],"collection":[{"href":"https:\/\/laultimapalabra.com.mx\/portal\/wp-json\/wp\/v2\/posts"}],"about":[{"href":"https:\/\/laultimapalabra.com.mx\/portal\/wp-json\/wp\/v2\/types\/post"}],"author":[{"embeddable":true,"href":"https:\/\/laultimapalabra.com.mx\/portal\/wp-json\/wp\/v2\/users\/9"}],"replies":[{"embeddable":true,"href":"https:\/\/laultimapalabra.com.mx\/portal\/wp-json\/wp\/v2\/comments?post=71"}],"version-history":[{"count":1,"href":"https:\/\/laultimapalabra.com.mx\/portal\/wp-json\/wp\/v2\/posts\/71\/revisions"}],"predecessor-version":[{"id":63109,"href":"https:\/\/laultimapalabra.com.mx\/portal\/wp-json\/wp\/v2\/posts\/71\/revisions\/63109"}],"wp:featuredmedia":[{"embeddable":true,"href":"https:\/\/laultimapalabra.com.mx\/portal\/wp-json\/"}],"wp:attachment":[{"href":"https:\/\/laultimapalabra.com.mx\/portal\/wp-json\/wp\/v2\/media?parent=71"}],"wp:term":[{"taxonomy":"category","embeddable":true,"href":"https:\/\/laultimapalabra.com.mx\/portal\/wp-json\/wp\/v2\/categories?post=71"},{"taxonomy":"post_tag","embeddable":true,"href":"https:\/\/laultimapalabra.com.mx\/portal\/wp-json\/wp\/v2\/tags?post=71"}],"curies":[{"name":"wp","href":"https:\/\/api.w.org\/{rel}","templated":true}]}}