                       {"id":7151,"date":"2019-03-28T20:33:16","date_gmt":"2019-03-29T02:33:16","guid":{"rendered":"http:\/\/laultimapalabra.info\/?p=7151"},"modified":"2024-12-11T08:53:53","modified_gmt":"2024-12-11T14:53:53","slug":"el-quemador-58","status":"publish","type":"post","link":"https:\/\/laultimapalabra.com.mx\/portal\/el-quemador-58\/","title":{"rendered":"El Quemador"},"content":{"rendered":"<p><img loading=\"lazy\" decoding=\"async\" class=\"size-medium wp-image-159 alignleft\" src=\"https:\/\/laultimapalabra.com.mx\/portal\/wp-content\/uploads\/2018\/02\/Banner-Caliente-copia-300x171.jpg\" alt=\"\" width=\"300\" height=\"171\" \/>Por: El Repre<\/p>\n<p style=\"text-align: justify;\">M\u00c1S DEL HOSPI<\/p>\n<p style=\"text-align: justify;\">Iniciamos esta columneja cont\u00e1ndoles que donde se alboroto y mucho la gente fue en el Hospital Cadereyta\u2026y es que en el Hospi siempre pasan cosas, algunas muy buenas y otras muy malas, pero tambi\u00e9n pocas salen a la luz\u2026y como ya saben que aqu\u00ed no nos guardamos casi nada pues ah\u00ed les vamos con unos cuantos comentarios de este centro de trabajo\u2026s\u00edganle!!<\/p>\n<p style=\"text-align: justify;\">CONTENTAS<\/p>\n<p style=\"text-align: justify;\">Pues de entrada les diremos que las que andan bien contentotas son las enfermeras del Hospi\u2026y es que muchas de ellas pensaban que nadie se daba cuenta de las buenas obras que hacen, nos referimos a eso de andar comprando consumibles para atender a los pacientes que ingresan a curaciones o a quir\u00f3fano\u2026ya ven comayitas que aqu\u00ed con su amigo Repre si son escuchadas y atendidas como se debe!!<\/p>\n<p style=\"text-align: justify;\">QUINIENT\u00d3N<\/p>\n<p style=\"text-align: justify;\">Por cierto, sacando cuentas de lo que las enfermeras gastan en jeringas, cat\u00e9teres, alcohol, gasas, cintas etc., etc. pues resulta que las compa\u00f1eras si se andan gastando como m\u00ednimo un quinient\u00f3n de pesillos\u2026cosa que para nada nos parece justo pues es la empresa la que debe de proporcionar todo ese tipo de material para dar una buena atenci\u00f3n a los pacientes y no el propio personal que se gasta su dinero pudi\u00e9ndoselo gastar en sus necesidades y con su familia!!<\/p>\n<p style=\"text-align: justify;\">EL COLMO<\/p>\n<p style=\"text-align: justify;\">Y ya el colmo de las cosas que pasan en el Hospital, es que en d\u00edas pasados por lo menos 3 pacientes que ingresaron de urgencias y que requirieron intervenci\u00f3n quir\u00fargica, los familiares del paciente tuvieron que ir a comprar sus consumibles y medicamentos para que se los aplicaran antes, durante y despu\u00e9s de la operaci\u00f3n\u2026esto s\u00ed que ya es insostenible compitas, ojala que pronto las autoridades correspondientes autoricen el presupuesto para que nada falte en el Hospi en beneficio de los derechohabientes!!<\/p>\n<p style=\"text-align: justify;\">LA CHONG<\/p>\n<p style=\"text-align: justify;\">Y siguiendo en el Hospital pero con otros temas, pues nos cuentan que la que sigue terca y necia en joder a sus compa\u00f1eras es ni m\u00e1s ni menos que la canina de caninas de la Juana Chong\u2026de verdad que esta mujer no tiene l\u00edmites y ya se anda buscando algo m\u00e1s que una simple llamada de atenci\u00f3n, pues sus groser\u00edas y hostigamiento laboral no paran\u2026s\u00edganle!!<\/p>\n<p style=\"text-align: justify;\">EXHIBI\u00d3<\/p>\n<p style=\"text-align: justify;\">Pues ay tienen que en d\u00edas pasados se atrevi\u00f3 la Chong a llamarle la atenci\u00f3n a una de sus compa\u00f1eras (Teresita Arroyo) porque supuestamente estaba realizando mal su trabajo\u2026el asunto fue que lo hizo enfrente del paciente y lo hizo con malos modales, gritos y hasta groser\u00edas, lo cual provoco que el paciente se sintiera inc\u00f3modo y asustado por el hecho\u2026que falta de \u00e9tica, de respeto y de abuela tiene la Chong!!<\/p>\n<p style=\"text-align: justify;\">LA TERE<\/p>\n<p style=\"text-align: justify;\">Y hablando de mujeres nefastas otra que sigue dando lata y fastidiando a sus compa\u00f1eras es la Tere Medina\u2026nos dicen que nada har\u00eda m\u00e1s feliz a todo el departamento que el saber que la Tere se larga de una vez\u2026tambi\u00e9n nos dicen que hace d\u00edas la vieron en el edificio sindical, \u00bfser\u00e1 que ya se decidi\u00f3 a pedir su jubilaci\u00f3n? Ojala que s\u00ed!!<\/p>\n<p style=\"text-align: justify;\">HERMANAS<\/p>\n<p style=\"text-align: justify;\">Por cierto, este par de la Juana Chong y la Tere Medina \u00bfno tendr\u00e1n nada que ver? Pues se parecen mucho, en lo mendigas y mala leche\u2026en lo cre\u00eddas, altaneras y d\u00e9spotas, hasta parecen hermanas\u2026pero de Dr\u00e1cula\u2026la verdad si!!<\/p>\n<p style=\"text-align: justify;\">HERMANITO<\/p>\n<p style=\"text-align: justify;\">Y si la Chong y Medina son caninas, ah\u00ed les va a otro que bien pudiera ser su hermanito menor el Agust\u00edn el morboso Rocha\u2026este pelado, peladito pues, ya ven que no le llega al 1.50mts sigue de hocic\u00f3n diciendo que pronto su padre el Canall\u00edn Vega tomara las riendas de la Secci\u00f3n\u2026que tomen las riendas de su casa primero, par de revoltosos sin quehacer!!<\/p>\n<p style=\"text-align: justify;\">BOMBEOS<\/p>\n<p style=\"text-align: justify;\">De Bombeos y Almacenamiento nos dicen que al que ya no aguantan es al Repre en turno, al tal Rafa el n\u00famero 1 Guzm\u00e1n\u2026eso del n\u00famero 1 es porque as\u00ed se autonombra y se cree \u00e9l\u2026hasta dice que \u00e9l deber\u00eda de estar en Comit\u00e9 quesque porque es muy freg\u00f3n!!<\/p>\n<p style=\"text-align: justify;\">PIDE MOCHES<\/p>\n<p style=\"text-align: justify;\">Pues resulta que el alzado este de Rafa Guzm\u00e1n por azares del destino se qued\u00f3 al frente de la representaci\u00f3n de bombeos y anda \u00a0muy cre\u00eddo\u2026tambi\u00e9n se la pasa violando el escalaf\u00f3n metiendo al que le da la gana y sobretodo buen moche, hasta tranza sali\u00f3\u2026m\u00e1s de Guzm\u00e1n la pr\u00f3xima semana!!&#8230;Arrivederchi!!<\/p>\n","protected":false},"excerpt":{"rendered":"<p>Por: El Repre M\u00c1S DEL HOSPI Iniciamos esta columneja cont\u00e1ndoles que donde se alboroto y mucho la gente fue en el Hospital Cadereyta\u2026y es que en el Hospi siempre pasan cosas, algunas muy buenas y otras muy malas, pero tambi\u00e9n pocas salen a la luz\u2026y como ya saben que aqu\u00ed no nos guardamos casi nada [&hellip;]<\/p>\n","protected":false},"author":9,"featured_media":159,"comment_status":"open","ping_status":"closed","sticky":false,"template":"","format":"standard","meta":{"footnotes":""},"categories":[1],"tags":[944],"class_list":["post-7151","post","type-post","status-publish","format-standard","has-post-thumbnail","hentry","category-noticias","tag-el-repre-el-quemador"],"_links":{"self":[{"href":"https:\/\/laultimapalabra.com.mx\/portal\/wp-json\/wp\/v2\/posts\/7151","targetHints":{"allow":["GET"]}}],"collection":[{"href":"https:\/\/laultimapalabra.com.mx\/portal\/wp-json\/wp\/v2\/posts"}],"about":[{"href":"https:\/\/laultimapalabra.com.mx\/portal\/wp-json\/wp\/v2\/types\/post"}],"author":[{"embeddable":true,"href":"https:\/\/laultimapalabra.com.mx\/portal\/wp-json\/wp\/v2\/users\/9"}],"replies":[{"embeddable":true,"href":"https:\/\/laultimapalabra.com.mx\/portal\/wp-json\/wp\/v2\/comments?post=7151"}],"version-history":[{"count":1,"href":"https:\/\/laultimapalabra.com.mx\/portal\/wp-json\/wp\/v2\/posts\/7151\/revisions"}],"predecessor-version":[{"id":66828,"href":"https:\/\/laultimapalabra.com.mx\/portal\/wp-json\/wp\/v2\/posts\/7151\/revisions\/66828"}],"wp:featuredmedia":[{"embeddable":true,"href":"https:\/\/laultimapalabra.com.mx\/portal\/wp-json\/"}],"wp:attachment":[{"href":"https:\/\/laultimapalabra.com.mx\/portal\/wp-json\/wp\/v2\/media?parent=7151"}],"wp:term":[{"taxonomy":"category","embeddable":true,"href":"https:\/\/laultimapalabra.com.mx\/portal\/wp-json\/wp\/v2\/categories?post=7151"},{"taxonomy":"post_tag","embeddable":true,"href":"https:\/\/laultimapalabra.com.mx\/portal\/wp-json\/wp\/v2\/tags?post=7151"}],"curies":[{"name":"wp","href":"https:\/\/api.w.org\/{rel}","templated":true}]}}