                       {"id":7153,"date":"2019-03-28T20:40:26","date_gmt":"2019-03-29T02:40:26","guid":{"rendered":"http:\/\/laultimapalabra.info\/?p=7153"},"modified":"2024-12-11T08:53:53","modified_gmt":"2024-12-11T14:53:53","slug":"la-guarida-del-mapache-56","status":"publish","type":"post","link":"https:\/\/laultimapalabra.com.mx\/portal\/la-guarida-del-mapache-56\/","title":{"rendered":"La Guarida del Mapache"},"content":{"rendered":"<p><img loading=\"lazy\" decoding=\"async\" class=\"size-medium wp-image-155 alignleft\" src=\"https:\/\/laultimapalabra.com.mx\/portal\/wp-content\/uploads\/2018\/02\/mapache-300x282.jpeg\" alt=\"\" width=\"300\" height=\"282\" \/>Por: El Mapache<\/p>\n<p style=\"text-align: justify;\">\u00bfQu\u00e9 ha habido raza? Espero que no se me hayan ahogado en estos d\u00edas lluviosos jejeje hemos tenido mucha actividad pero poco murmullo raza as\u00ed que vamos a empezar para acabar bien el mes y comenzar el del d\u00eda del Ni\u00f1o con todo el \u00e1nimo.<br \/>\nPINOCHO<br \/>\nY pues para empezar compis habremos de decir que si bien es cierto que todos en la polaca tienen algo de mentirosos, tambi\u00e9n lo es que algunos casos muy espor\u00e1dicos son personas que por lo general no suelen mentir, pero d\u00e9jenme les digo que en esta semanuca descubr\u00ed un caso de estos raros jejeje nada m\u00e1s y nada menos que en la Sria de Obras P\u00fablica, ni m\u00e1s ni menos que con \u201cRafita Pinochet\u201d, quien est\u00e1 siendo rebautizado jejeje.<br \/>\nNEWS<br \/>\nY todo porque en \u00faltimas informaciones raza, el hombre se puso a decir que todos los baches que estaban tapando en esta semana \u00a1eran nuevos! Jejeje h\u00e1ganme ustedes el reverendo favor, digo! Todos sabemos que su jale es darle por su lado al \u201cBigotes Quintanilla\u201d, pero de eso a decirnos semejante mentirota compis, pues hay un mundo de diferencia raza, imag\u00ednense si esos son baches nuevos \u00bfser\u00e1 que aqu\u00ed su \u201cservilleta\u201d se est\u00e1 volviendo loco al ver de nuevo baches que taparon sobre la Ju\u00e1rez abiertos de par en par nuevamente? Yo creo que no.<br \/>\nGANEO<br \/>\nY obvio que uno comprende compis, que en el bacheo est\u00e1 el ganeo, y que no har\u00e1n por tapar de verdad los mega pozos con los que contamos en el muni, pero pues decir semejantes mentirotas no lo dejan muy bien parado al compi.<br \/>\nCHIMOLTRUFIA<br \/>\nPero yo como mi amiga la chimoltrufia, como digo una cosa digo otra, aunque la reg\u00f3 con la declaraci\u00f3n, sigo metiendo las manos al fuego por Rafita, pero porfa que repare bien.<br \/>\nALBERCAS<br \/>\nY hablando de baches raza, ya saben que Cadiz nunca se queda atr\u00e1s y como en el \u00e1rea metropolitana ya abrieron las albercas jejeje pues aqu\u00ed seguimos la misma l\u00ednea pero s\u00faper mejorada al ponerles una alberca en cada esquina compis jejeje y no me digan que no, porque los mega baches s\u00ed que se avientan un tiro con las albercas de los monterreyes o de san nico, en fin, el dato nomas pa\u2019 no quedarnos atr\u00e1s.<br \/>\nESPERAR<br \/>\nAntes de que se me vaya a olvidar raza del cruce de Ju\u00e1rez y Eugenio Serrano se van a tener que esperar con lo de las aguas negras y los gach\u00edsimos olores esos que los ata\u00f1en, porque el mero mero de Agua y Drenaje dijo que \u201cnanay\u201d que ni m\u00e1user porque no hay presupuesto raza, as\u00ed que no hay m\u00e1s que apechugar, mala nueva me toco darles raza.<br \/>\nREFLECTORES<br \/>\nY aunque parezca adelantado compis en otro tema d\u00e9jenme les digo que muchos funcionarios de primer nivel como que ya andan haciendo planes para la pr\u00f3xima contienda electoral jejeje as\u00ed como lo leen raza, quesque andan muy preocupaditos por salir bien y en primer plano en las pics.y hasta lo reclaman!!!<br \/>\nGOOD JOB<br \/>\nImag\u00ednense! En lugar de que se preocupen de hacer un buen jale, lo que les preocupa es que los \u201cvean\u201d jejeje como si la imagen o aparecer aqu\u00ed y all\u00e1 les fuera a garantizar algo, mientras que lo preocupante ser\u00eda saber si es que ya tienen alg\u00fan plan en mente, o alguien por ah\u00ed los anda encuerdando compis.<br \/>\nFASHION<br \/>\nEn tema aparte raza, a ver si les van ense\u00f1ando a las chicas guapas de Presi a vestir de manera adecuada caray! Ya que pues si muy monas y todo, pero hay reglas no escritas en aquello de la presentaci\u00f3n compis, porque las mini, las blusas con hombro descubierto y escotazos est\u00e1n buenos para noches de antro, pero pues como para atender a la raza pues como que no se ve muy bien, acu\u00e9rdense que las guapas no ocupan ense\u00f1ar de mas jejeje y lo digo con todo respeto eh!<br \/>\nSALUDO<br \/>\nY hablando de guapas, un saludo para Ericka Arenas, quien ayer fue coronada como Miss Petit Cadereyta raza, y nada m\u00e1s y nada menos que de la mano de uno de los estilistas m\u00e1s reconocidos del muni, si como no nos referimos al Otho Garza, que de belleza y cert\u00e1menes es el que m\u00e1s sabe, esperamos que les vaya muy bien y represente con mucho orgullo a las mujeres bellas de mi querido C\u00e1diz.<br \/>\nESTRESADA<br \/>\nLa que nos dijeron que se estres\u00f3 por todo lo que se ha dicho de ella en la \u00faltimas semanas y que de puro coraje se fue de vacations, fue ni m\u00e1s ni menos que la Lady Difam\u00e9, jejeje as\u00ed como lo leen, dijo nomas pa\u2019 que vean que me vale m\u00e1user, la \u201crugi\u201d que m\u00e1s trabaja decidi\u00f3 irse a relajar por ah\u00ed y demostrar que la ciudadan\u00eda y lo que \u00e9sta piensa de ella le vale un sorbete.<br \/>\nLALILLAZO<br \/>\nY el que anda haciendo planes para las pr\u00f3ximas elecciones, \u00bfy c\u00f3mo no? Si no sabe vivir de otra cosa que no sea la polaca, es Lalo el \u201cChupitos \u201c Leal jejeje quien anduvo de chambel\u00e1n all\u00e1 por el sur de Nuevo Le\u00f3n, donde los asegunes buscar\u00e1 ser alcalde de Allende el pr\u00f3ximo trienio raza, aunque la neta compis parec\u00eda m\u00e1s Clavillazo que otra cosa jejeej pero dej\u00e9moslo en que se convirti\u00f3 en \u201cLalillazo\u201d jejeje.<br \/>\nLASTIMA<br \/>\nLo preocupante es que ser\u00e1 una l\u00e1stima que llegue a incursionar en la polaca de all\u00e1, porque pues aqu\u00ed ya lo conocemos jejeje y no nos creemos los rollos que se avienta compis, pero pues esperemos que la raza de los Allende abran, o les \u201cabran\u201d los oclayos a tiempo.<br \/>\nRECUPERACION<br \/>\nY pues antes de retirarnos compis, le deseamos una pronta recuperaci\u00f3n a Magullones mayor, quien al parecer anda malancon y necesita todas las buenas vibras del mundo raza, as\u00ed que le deseamos lo mejor y esperamos verlo pronto dando lata en la polaca jimenense como siempre\u2026.La vemos.<\/p>\n","protected":false},"excerpt":{"rendered":"<p>Por: El Mapache \u00bfQu\u00e9 ha habido raza? Espero que no se me hayan ahogado en estos d\u00edas lluviosos jejeje hemos tenido mucha actividad pero poco murmullo raza as\u00ed que vamos a empezar para acabar bien el mes y comenzar el del d\u00eda del Ni\u00f1o con todo el \u00e1nimo. PINOCHO Y pues para empezar compis habremos [&hellip;]<\/p>\n","protected":false},"author":9,"featured_media":155,"comment_status":"open","ping_status":"closed","sticky":false,"template":"","format":"standard","meta":{"footnotes":""},"categories":[1],"tags":[940],"class_list":["post-7153","post","type-post","status-publish","format-standard","has-post-thumbnail","hentry","category-noticias","tag-el-mapache-la-guarida-del-mapache"],"_links":{"self":[{"href":"https:\/\/laultimapalabra.com.mx\/portal\/wp-json\/wp\/v2\/posts\/7153","targetHints":{"allow":["GET"]}}],"collection":[{"href":"https:\/\/laultimapalabra.com.mx\/portal\/wp-json\/wp\/v2\/posts"}],"about":[{"href":"https:\/\/laultimapalabra.com.mx\/portal\/wp-json\/wp\/v2\/types\/post"}],"author":[{"embeddable":true,"href":"https:\/\/laultimapalabra.com.mx\/portal\/wp-json\/wp\/v2\/users\/9"}],"replies":[{"embeddable":true,"href":"https:\/\/laultimapalabra.com.mx\/portal\/wp-json\/wp\/v2\/comments?post=7153"}],"version-history":[{"count":1,"href":"https:\/\/laultimapalabra.com.mx\/portal\/wp-json\/wp\/v2\/posts\/7153\/revisions"}],"predecessor-version":[{"id":66830,"href":"https:\/\/laultimapalabra.com.mx\/portal\/wp-json\/wp\/v2\/posts\/7153\/revisions\/66830"}],"wp:featuredmedia":[{"embeddable":true,"href":"https:\/\/laultimapalabra.com.mx\/portal\/wp-json\/"}],"wp:attachment":[{"href":"https:\/\/laultimapalabra.com.mx\/portal\/wp-json\/wp\/v2\/media?parent=7153"}],"wp:term":[{"taxonomy":"category","embeddable":true,"href":"https:\/\/laultimapalabra.com.mx\/portal\/wp-json\/wp\/v2\/categories?post=7153"},{"taxonomy":"post_tag","embeddable":true,"href":"https:\/\/laultimapalabra.com.mx\/portal\/wp-json\/wp\/v2\/tags?post=7153"}],"curies":[{"name":"wp","href":"https:\/\/api.w.org\/{rel}","templated":true}]}}