                       {"id":7233,"date":"2019-04-04T19:17:55","date_gmt":"2019-04-05T01:17:55","guid":{"rendered":"http:\/\/laultimapalabra.info\/?p=7233"},"modified":"2024-12-11T08:53:54","modified_gmt":"2024-12-11T14:53:54","slug":"hernia-lumbar-y-ciclismo","status":"publish","type":"post","link":"https:\/\/laultimapalabra.com.mx\/portal\/hernia-lumbar-y-ciclismo\/","title":{"rendered":"Hernia lumbar y \u00bfciclismo?"},"content":{"rendered":"<p style=\"text-align: justify;\"><img loading=\"lazy\" decoding=\"async\" class=\"size-medium wp-image-7229 alignleft\" src=\"https:\/\/laultimapalabra.com.mx\/portal\/wp-content\/uploads\/2019\/04\/MARATON-CADEREYTA-2019-77-300x282.jpg\" alt=\"\" width=\"300\" height=\"282\" \/>Las lesiones vertebrales, ya sea una hernia lumbar o protrusiones, normalmente no son un impedimento para seguir montando en bici siempre y cuando se cuiden una serie de aspectos.<br \/>\nLo primero, es visitar y escuchar al m\u00e9dico traumat\u00f3logo que haya estudiado el caso. Esta opini\u00f3n ser\u00e1 mucho m\u00e1s favorable si es un m\u00e9dico habituado a tratar con deportistas. En general, montar en bici con una posici\u00f3n correcta no supone un factor agravante de la lesi\u00f3n. Hay muchos ciclistas con lesiones discales que siguen entrenando a buen nivel y sin molestias.<br \/>\nRespecto a la posici\u00f3n en la bici, debemos buscar una posici\u00f3n de la espalda m\u00e1s bien neutra, es decir, ni muy levantada ni demasiado inclinada. Debemos buscar una angulaci\u00f3n entre 50 y 60 grados tomando como referencia la horizontal, la cadera (troc\u00e1nter mayor del f\u00e9mur) y el hombro. No debemos pensar que una posici\u00f3n del tronco muy elevada va a ser menos lesiva que una normal, ya que en posici\u00f3n vertical los discos normalmente soportan una mayor carga.<br \/>\nComo recomendaci\u00f3n general, en una bici de monta\u00f1a que el manubrio est\u00e9 m\u00e1s o menos a la misma altura que el asiento. Es muy importante conseguir una correcta altura del asiento para optimizar el trabajo muscular en la pedalada, ya que un exceso o un defecto de altura en muchos casos origina dolores lumbares. Al contrario de la creencia popular, una posici\u00f3n excesivamente vertical no nos beneficiar\u00e1 en caso de hernia lumbar. Adem\u00e1s, se suele recomendar usar bicis con doble suspensi\u00f3n para minimizar los impactos en la zona, as\u00ed como usar una presi\u00f3n de neum\u00e1ticos m\u00e1s bien baja. Lo ideal es contratar los servicios de un biomec\u00e1nico para que te ayude a conseguir una correcta posici\u00f3n sobre la bici en funci\u00f3n de tu lesi\u00f3n.<br \/>\nAdem\u00e1s, es muy recomendable ponerse en manos de un fisioterapeuta y\/o rehabilitador para conocer y entrenar los ejercicios de fortalecimiento de la musculatura central que ayuden a conseguir una correcta estabilizaci\u00f3n de la zona lumbar.<br \/>\nAl respecto, se\u00f1alar que cada caso es particular y que no podemos aplicar la misma f\u00f3rmula para todo el mundo. Cada lesi\u00f3n tiene sus particularidades en cuanto a su incidencia en la vida cotidiana y en cuanto a su evoluci\u00f3n. As\u00ed que desde estas l\u00edneas te animamos a que sigas con la bici, no deber\u00edas que tener problemas para compatibilizarla con tu lesi\u00f3n siempre y cuando sigas esta serie de recomendaciones, pero sobre todo escuches a tu m\u00e9dico tratante con tu hernia lumbar.<br \/>\nFuente: Revista Bike<br \/>\nClub de Ciclismo Titanes de Cadereyta<\/p>\n","protected":false},"excerpt":{"rendered":"<p>Las lesiones vertebrales, ya sea una hernia lumbar o protrusiones, normalmente no son un impedimento para seguir montando en bici siempre y cuando se cuiden una serie de aspectos. Lo primero, es visitar y escuchar al m\u00e9dico traumat\u00f3logo que haya estudiado el caso. Esta opini\u00f3n ser\u00e1 mucho m\u00e1s favorable si es un m\u00e9dico habituado a [&hellip;]<\/p>\n","protected":false},"author":9,"featured_media":7229,"comment_status":"open","ping_status":"closed","sticky":false,"template":"","format":"standard","meta":{"footnotes":""},"categories":[1],"tags":[559],"class_list":["post-7233","post","type-post","status-publish","format-standard","has-post-thumbnail","hentry","category-noticias","tag-ciclismo-cadereyta"],"_links":{"self":[{"href":"https:\/\/laultimapalabra.com.mx\/portal\/wp-json\/wp\/v2\/posts\/7233","targetHints":{"allow":["GET"]}}],"collection":[{"href":"https:\/\/laultimapalabra.com.mx\/portal\/wp-json\/wp\/v2\/posts"}],"about":[{"href":"https:\/\/laultimapalabra.com.mx\/portal\/wp-json\/wp\/v2\/types\/post"}],"author":[{"embeddable":true,"href":"https:\/\/laultimapalabra.com.mx\/portal\/wp-json\/wp\/v2\/users\/9"}],"replies":[{"embeddable":true,"href":"https:\/\/laultimapalabra.com.mx\/portal\/wp-json\/wp\/v2\/comments?post=7233"}],"version-history":[{"count":1,"href":"https:\/\/laultimapalabra.com.mx\/portal\/wp-json\/wp\/v2\/posts\/7233\/revisions"}],"predecessor-version":[{"id":66870,"href":"https:\/\/laultimapalabra.com.mx\/portal\/wp-json\/wp\/v2\/posts\/7233\/revisions\/66870"}],"wp:featuredmedia":[{"embeddable":true,"href":"https:\/\/laultimapalabra.com.mx\/portal\/wp-json\/"}],"wp:attachment":[{"href":"https:\/\/laultimapalabra.com.mx\/portal\/wp-json\/wp\/v2\/media?parent=7233"}],"wp:term":[{"taxonomy":"category","embeddable":true,"href":"https:\/\/laultimapalabra.com.mx\/portal\/wp-json\/wp\/v2\/categories?post=7233"},{"taxonomy":"post_tag","embeddable":true,"href":"https:\/\/laultimapalabra.com.mx\/portal\/wp-json\/wp\/v2\/tags?post=7233"}],"curies":[{"name":"wp","href":"https:\/\/api.w.org\/{rel}","templated":true}]}}