                       {"id":7283,"date":"2019-04-04T21:30:37","date_gmt":"2019-04-05T03:30:37","guid":{"rendered":"http:\/\/laultimapalabra.info\/?p=7283"},"modified":"2024-12-11T08:53:55","modified_gmt":"2024-12-11T14:53:55","slug":"la-guarida-del-mapache-57","status":"publish","type":"post","link":"https:\/\/laultimapalabra.com.mx\/portal\/la-guarida-del-mapache-57\/","title":{"rendered":"La Guarida del Mapache"},"content":{"rendered":"<p style=\"text-align: justify;\"><img loading=\"lazy\" decoding=\"async\" class=\"size-medium wp-image-155 alignleft\" src=\"https:\/\/laultimapalabra.com.mx\/portal\/wp-content\/uploads\/2018\/02\/mapache-300x282.jpeg\" alt=\"\" width=\"300\" height=\"282\" \/>Por: El Mapache<\/p>\n<p style=\"text-align: justify;\">\u00bfC\u00f3mo andan raza? Pues yo aqu\u00ed ya m\u00e1s repuesto de los d\u00edas fr\u00edos jejeje que la neta del planeta pues nom\u00e1s no son lo m\u00edo compis, a m\u00ed me gusta el sol y el calor, pero bueno ya saben que de todo da nuestro maravilloso estado, y como tambi\u00e9n da harta chamba pues es mejor que comencemos pa\u00b4acabar tempra mis compis.<br \/>\nHABEMUS REINA<br \/>\nY pues ya coronaron a Erika I como Miss Pettite Cadereyta 2019, esperamos que le vaya s\u00faper bien, ya que va de la mano del m\u00e1s nice de todos, obvio del Otho Garza, quien por cierto no se qued\u00f3 callado y solt\u00f3 la lengua en redes sociales sobre el p\u00e9simo comportamiento de autoridades municipales, quienes ni por educaci\u00f3n acompa\u00f1aron a la hoy soberana, pero como \u00e9l mismo lo dijo, ya los veremos encima si la chica se trae la corona del estatal.<br \/>\nSALVADO<br \/>\nEl \u00fanico que se salv\u00f3 de ser catalogado como \u201cmamilas\u201d fue el \u201cCuate de Emeterio\u201d, Carlos Rodr\u00edguez, quien como Secre de la YUNTA, pues hizo acto de presencia en el evento y dej\u00f3 m\u00e1s o menos bien parada a la administration.<br \/>\nCUATE<br \/>\nHablando del El \u201cCuate de Emeterio\u201d, dicen las buenas lenguas, largas como los puentes de mayo, que anda medio sentido con Bobby Days, quien cobra su quincena como secre administration.<br \/>\nREFLECTORES<br \/>\nDicen que las luces apuntan m\u00e1s en las gestiones del Boby Days que las del \u201cCuate de Emeterio\u201d, como que le dan m\u00e1s resultado y eso ha hecho una rivalidad rev\u00e1lida entre ambos secres. Caray, que celo!!!<br \/>\nGUARURAS<br \/>\nY en tema aparte raza, pues d\u00e9jenme les digo que mientras el \u201cBigotes\u201d Quintanilla anda con el rollo ese de los guaruras del \u201cDe$pre$iado\u201d, pues a \u00e9l las audiencias se las posponen, se las posponen de nuevo y se las vuelven a posponer jejeje ya hasta parece el cuento de nunca acabar compi, porque al parecer al ex edil no se le ve muy preocupado al respecto y las citas en la Anticorrupci\u00f3n nomas le sirven para salirse a \u201corear\u201d.<br \/>\nRIDICULO<br \/>\nO ya pens\u00e1ndolo bien, a lo mejor est\u00e1 \u201csalidita\u201d a \u201cDe$pre$iado\u201d s\u00f3lo le sirve paa salir a saludar a su fan \u201cnomber guan\u201d jejeje si hombre!! A la \u201cConsom\u00e9 Alvarez\u201d que siempre la pobre vive convocando para protestar en dichas audiencias y pues nom\u00e1s no arrastra raza la mujer, en fin, el Consejito sigue sin ganarse a la raza jimenense, la cual ni los pela y bien que los identifican como buscadores de beneficios propios, porque si los identificaran como ellos presumen, como sus representantes, pues la raza acudir\u00eda a estos llamados \u00bfno creen?<br \/>\nDEFENSORA<br \/>\nY como era de esperarse \u201cthe new rugis\u201d Montemayor sali\u00f3 a la defensa de tooooda la family compis, no nada m\u00e1s de su \u201creto\u00f1a\u201d, de quien no sabemos si ya regres\u00f3 o no de sus vacations, pero la do\u00f1a dijo que toooooda la family hab\u00eda \u201ccaminado\u201d con el \u201cbigotes\u201d Quintanilla y quesque por eso pues ten\u00edan derecho a estar en la administration, lastima del mont\u00f3n de compis que aqu\u00ed su servilleta conoce y que aunque \u201ccaminaron\u201d largo y tendido con el \u201cBigotes\u201d Quintanilla asole\u00e1ndose y dem\u00e1s, pues aun no ven claro y siguen fuera de la administration, sin fecha exacta para ingresar.<br \/>\nABOLENGO<br \/>\nTal vez lo que le fall\u00f3 a mis compis fue que no tienen el apellido rimbombante raza jejeje pero de que caminaron, pues caminaron.<br \/>\nPALETAS<br \/>\nEso si, la \u201cnews rugi\u201d nada tonta, jejeje porque todas las \u201cpaletas\u201d se las ech\u00f3 en caliente al \u201cbigotes\u201d Quintanilla, diciendo que ella no hab\u00eda contratado a nadie, cosa en la que tiene toda la raz\u00f3n compis.<br \/>\nCOMUNICATION<br \/>\nY pues en d\u00edas pasados raza, vi por ah\u00ed que los polis de Cadiz andan dando n\u00fameros de tel\u00e9fonos locales para aquello de la comunicaci\u00f3n pronta y expedita jejeje cosa que la neta me parece bien, porque el 911 indudablemente con tanta carga de jale que tiene pues se alenta de repente, as\u00ed que bien por esa iniciativa.<br \/>\nPESO<br \/>\nPero lo que no pude dejar de ver compis, es que mis polis preciosos, al menos los que salieron en la publicidad est\u00e1n medios pasaditos del \u201cpuerquesito\u201d jejejeje y no creo que eso les ayude mucho all\u00e1 cuando anda en la correteadera de los ladroncillos que esos s\u00ed que tienen condici\u00f3n eh!<br \/>\nESTRENANDO<br \/>\nY pues andamos contentos raza, porque por all\u00e1 por Santa Efigenia ya se anda estrenando un nuevo \u201crestoran\u201d que por lo que se ve compis est\u00e1 muy nice eh! Lo \u00fanico es que el que le est\u00e1 haciendo promoci\u00f3n raza es ni m\u00e1s ni menos que el \u201chuele moles\u201d Cant\u00fa jejejej si el ex \u201cGordisem\u00e1foro\u201d y pues no sabemos si como dice es de su brother, o de plano es que ya la polaca ya no le vio futuro jejeje y pues en plan desencantado anda buscando el money ya en otro \u201claredo\u201d raza<br \/>\nJejejeje igual todo es v\u00e1lido y de todas maneras le deseamos la mejor de las suertes\u2026 La vemos.<\/p>\n","protected":false},"excerpt":{"rendered":"<p>Por: El Mapache \u00bfC\u00f3mo andan raza? Pues yo aqu\u00ed ya m\u00e1s repuesto de los d\u00edas fr\u00edos jejeje que la neta del planeta pues nom\u00e1s no son lo m\u00edo compis, a m\u00ed me gusta el sol y el calor, pero bueno ya saben que de todo da nuestro maravilloso estado, y como tambi\u00e9n da harta chamba [&hellip;]<\/p>\n","protected":false},"author":9,"featured_media":155,"comment_status":"open","ping_status":"closed","sticky":false,"template":"","format":"standard","meta":{"footnotes":""},"categories":[1],"tags":[1382],"class_list":["post-7283","post","type-post","status-publish","format-standard","has-post-thumbnail","hentry","category-noticias","tag-la-guarida-del-mapache"],"_links":{"self":[{"href":"https:\/\/laultimapalabra.com.mx\/portal\/wp-json\/wp\/v2\/posts\/7283","targetHints":{"allow":["GET"]}}],"collection":[{"href":"https:\/\/laultimapalabra.com.mx\/portal\/wp-json\/wp\/v2\/posts"}],"about":[{"href":"https:\/\/laultimapalabra.com.mx\/portal\/wp-json\/wp\/v2\/types\/post"}],"author":[{"embeddable":true,"href":"https:\/\/laultimapalabra.com.mx\/portal\/wp-json\/wp\/v2\/users\/9"}],"replies":[{"embeddable":true,"href":"https:\/\/laultimapalabra.com.mx\/portal\/wp-json\/wp\/v2\/comments?post=7283"}],"version-history":[{"count":1,"href":"https:\/\/laultimapalabra.com.mx\/portal\/wp-json\/wp\/v2\/posts\/7283\/revisions"}],"predecessor-version":[{"id":66902,"href":"https:\/\/laultimapalabra.com.mx\/portal\/wp-json\/wp\/v2\/posts\/7283\/revisions\/66902"}],"wp:featuredmedia":[{"embeddable":true,"href":"https:\/\/laultimapalabra.com.mx\/portal\/wp-json\/"}],"wp:attachment":[{"href":"https:\/\/laultimapalabra.com.mx\/portal\/wp-json\/wp\/v2\/media?parent=7283"}],"wp:term":[{"taxonomy":"category","embeddable":true,"href":"https:\/\/laultimapalabra.com.mx\/portal\/wp-json\/wp\/v2\/categories?post=7283"},{"taxonomy":"post_tag","embeddable":true,"href":"https:\/\/laultimapalabra.com.mx\/portal\/wp-json\/wp\/v2\/tags?post=7283"}],"curies":[{"name":"wp","href":"https:\/\/api.w.org\/{rel}","templated":true}]}}