                       {"id":7312,"date":"2019-04-04T20:50:54","date_gmt":"2019-04-05T02:50:54","guid":{"rendered":"http:\/\/laultimapalabra.info\/?p=7312"},"modified":"2024-12-11T08:53:55","modified_gmt":"2024-12-11T14:53:55","slug":"envian-a-scjn-demanda-contra-amlo","status":"publish","type":"post","link":"https:\/\/laultimapalabra.com.mx\/portal\/envian-a-scjn-demanda-contra-amlo\/","title":{"rendered":"Env\u00edan a SCJN demanda contra AMLO"},"content":{"rendered":"<p style=\"text-align: justify;\">Un juarense lo impugna por consulta y su vinculaci\u00f3n contra NAIM<\/p>\n<p style=\"text-align: justify;\"><img loading=\"lazy\" decoding=\"async\" class=\"size-medium wp-image-7313 alignleft\" src=\"https:\/\/laultimapalabra.com.mx\/portal\/wp-content\/uploads\/2019\/04\/1-300x187.jpg\" alt=\"\" width=\"300\" height=\"187\" \/> Oscar P\u00e9rez<\/p>\n<p style=\"text-align: justify;\">CDMX.- El expediente SUPJDC-46\/2019 en el que Luz Mar\u00eda Flores Guarnero interpuso una inconformidad contra el presidente Andr\u00e9s Manuel L\u00f3pez Obrador, fue turnado a la Suprema Corte de Justicia de la Naci\u00f3n, el pasado 29 de marzo.<\/p>\n<p style=\"text-align: justify;\">Seg\u00fan los hechos, Flores Guarnero demand\u00f3 ante las instancias federales electorales una demanda contra L\u00f3pez Obrador, por vincular un acto pol\u00edtico con uno jur\u00eddico en el caso del Nuevo Aeropuerto Internacional de la Ciudad de M\u00e9xico, (NAIM).<\/p>\n<p style=\"text-align: justify;\">Seg\u00fan la demanda, la inconformidad radica que la consulta popular que realiz\u00f3 el entonces presidente electo, lo hizo sin tomar protesta como presidente constitucional, pero vincul\u00f3 los resultados a una decisi\u00f3n, cuando fue presidente.<\/p>\n<p style=\"text-align: justify;\">Adem\u00e1s la obra ya estaba iniciada, por lo que se bas\u00f3 en una consulta no oficial, ya que a\u00fan no era presidente en funciones.<\/p>\n<p style=\"text-align: justify;\">La inconformidad llego hasta la sala Superior del Poder Judicial Electoral donde el pasado 13 de marzo tres magistrados de los siete se inhibieron de aprobar o rechazar el expediente.<\/p>\n<p style=\"text-align: justify;\">Por otra parte el magistrado presidente Felipe de la Mata Piza\u00f1o, adem\u00e1s de los magistrados Jos\u00e9 Luis Vargas Valdez y Indalfer Infante Gonz\u00e1lez, se pronunciaron en que el expediente no era de su competencia, y que deb\u00eda ser juzgado por la Suprema Corte de Justicia de la Naci\u00f3n, hasta donde fue enviado con el n\u00famero SUP 65\/2019.<\/p>\n","protected":false},"excerpt":{"rendered":"<p>Un juarense lo impugna por consulta y su vinculaci\u00f3n contra NAIM Oscar P\u00e9rez CDMX.- El expediente SUPJDC-46\/2019 en el que Luz Mar\u00eda Flores Guarnero interpuso una inconformidad contra el presidente Andr\u00e9s Manuel L\u00f3pez Obrador, fue turnado a la Suprema Corte de Justicia de la Naci\u00f3n, el pasado 29 de marzo. Seg\u00fan los hechos, Flores Guarnero [&hellip;]<\/p>\n","protected":false},"author":9,"featured_media":7314,"comment_status":"open","ping_status":"closed","sticky":false,"template":"","format":"standard","meta":{"footnotes":""},"categories":[18,19],"tags":[1605,2085],"class_list":["post-7312","post","type-post","status-publish","format-standard","has-post-thumbnail","hentry","category-locales-juarez","category-nacional","tag-naim","tag-scjn"],"_links":{"self":[{"href":"https:\/\/laultimapalabra.com.mx\/portal\/wp-json\/wp\/v2\/posts\/7312","targetHints":{"allow":["GET"]}}],"collection":[{"href":"https:\/\/laultimapalabra.com.mx\/portal\/wp-json\/wp\/v2\/posts"}],"about":[{"href":"https:\/\/laultimapalabra.com.mx\/portal\/wp-json\/wp\/v2\/types\/post"}],"author":[{"embeddable":true,"href":"https:\/\/laultimapalabra.com.mx\/portal\/wp-json\/wp\/v2\/users\/9"}],"replies":[{"embeddable":true,"href":"https:\/\/laultimapalabra.com.mx\/portal\/wp-json\/wp\/v2\/comments?post=7312"}],"version-history":[{"count":1,"href":"https:\/\/laultimapalabra.com.mx\/portal\/wp-json\/wp\/v2\/posts\/7312\/revisions"}],"predecessor-version":[{"id":66920,"href":"https:\/\/laultimapalabra.com.mx\/portal\/wp-json\/wp\/v2\/posts\/7312\/revisions\/66920"}],"wp:featuredmedia":[{"embeddable":true,"href":"https:\/\/laultimapalabra.com.mx\/portal\/wp-json\/"}],"wp:attachment":[{"href":"https:\/\/laultimapalabra.com.mx\/portal\/wp-json\/wp\/v2\/media?parent=7312"}],"wp:term":[{"taxonomy":"category","embeddable":true,"href":"https:\/\/laultimapalabra.com.mx\/portal\/wp-json\/wp\/v2\/categories?post=7312"},{"taxonomy":"post_tag","embeddable":true,"href":"https:\/\/laultimapalabra.com.mx\/portal\/wp-json\/wp\/v2\/tags?post=7312"}],"curies":[{"name":"wp","href":"https:\/\/api.w.org\/{rel}","templated":true}]}}