                       {"id":7353,"date":"2019-04-08T12:27:41","date_gmt":"2019-04-08T17:27:41","guid":{"rendered":"http:\/\/laultimapalabra.info\/?p=7353"},"modified":"2024-12-11T08:53:56","modified_gmt":"2024-12-11T14:53:56","slug":"amlo-amaga-con-cancelar-la-reforma-educativa-si-no-hay-acuerdos","status":"publish","type":"post","link":"https:\/\/laultimapalabra.com.mx\/portal\/amlo-amaga-con-cancelar-la-reforma-educativa-si-no-hay-acuerdos\/","title":{"rendered":"AMLO amaga con cancelar la reforma educativa si no hay acuerdos"},"content":{"rendered":"<p style=\"text-align: justify;\"><img loading=\"lazy\" decoding=\"async\" class=\"size-medium wp-image-7354 alignleft\" src=\"https:\/\/laultimapalabra.com.mx\/portal\/wp-content\/uploads\/2019\/04\/quiero-cumplirle-maestros-dirigentes-quieren_0_8_1024_637-300x187.jpg\" alt=\"\" width=\"300\" height=\"187\" \/>M\u00c9XICO.- El presidente de M\u00e9xico, Andr\u00e9s Manuel L\u00f3pez Obrador (AMLO) dijo que si no se llega a un acuerdo con los maestros para aprobar un nuevo modelo educativo, pedir\u00e1 que se cancele el proceso por completo junto con todo lo que implique la reforma educativa y el sistema quede exactamente como funcionaba antes.<br \/>\nAnte el rega\u00f1o de Elba Esther Gordillo a los maestros del SNTE por ser solo la CNTE \u201clos \u00fanicos que est\u00e1n haciendo algo\u201d porque \u201cla cuarta transformaci\u00f3n no est\u00e1 haciendo la reforma que esper\u00e1bamos\u201d, que podr\u00eda generar que los maestros del Sindicato se sumen a las protestas que hay contra el nuevo modelo educativo, el Presidente confi\u00f3 en que habr\u00e1 di\u00e1logo y si no, dijo, se regresar\u00e1 al modelo que exist\u00eda antes de la reforma.<br \/>\n\u201cSi se llega por el camino del di\u00e1logo, extraordinario; si no voy a proponer la cancelaci\u00f3n, voy a cuidar bien c\u00f3mo estaba antes la pol\u00edtica educativa de la reforma que llevaron a cabo, la mal llamada reforma educativa y voy a dejar las cosas como estaban, es decir, c\u00f3mo funcionan los amparos, nada m\u00e1s que retroactivo, que se quede tal cual, no s\u00e9 si de esa manera habr\u00eda protestas, creo que no\u201d, dijo en la conferencia ma\u00f1anera.<br \/>\nL\u00f3pez Obrador asegur\u00f3 que su \u00fanico inter\u00e9s es convencer a los maestros de que se trata de un nuevo modelo que no busca afectarlos.<br \/>\n\u201cYo quiero quedar bien, quiero cumplirle al magisterio nacional, voy a cumplir mi palabra y eso es lo que se va a hacer\u201d, dijo.<br \/>\nEl Presidente advirti\u00f3 que el gobierno no ceder\u00e1 el manejo de la n\u00f3mina porque el objetivo es que haya orden.<br \/>\n\u201cLo que queremos es que haya orden y no corrupci\u00f3n, no queremos que haya aviadores\u201d sino una n\u00f3mina confiable en donde el dinero llegue a los maestros que en verdad est\u00e1n frente a los salones de clases.<br \/>\nEl secretario de Educaci\u00f3n P\u00fablica, Esteban Moctezuma tiene la encomienda de reunirse con los maestros las veces que sean necesarias hasta llegar a un acuerdo por la v\u00eda pac\u00edfica.<br \/>\n\u201cPor eso yo creo que s\u00ed vamos a llegar a un acuerdo con los maestros, todo est\u00e1 en tener paciencia\u201d, dijo.<\/p>\n<p style=\"text-align: justify;\">Fuente: Multimedios<\/p>\n","protected":false},"excerpt":{"rendered":"<p>M\u00c9XICO.- El presidente de M\u00e9xico, Andr\u00e9s Manuel L\u00f3pez Obrador (AMLO) dijo que si no se llega a un acuerdo con los maestros para aprobar un nuevo modelo educativo, pedir\u00e1 que se cancele el proceso por completo junto con todo lo que implique la reforma educativa y el sistema quede exactamente como funcionaba antes. Ante el [&hellip;]<\/p>\n","protected":false},"author":9,"featured_media":7354,"comment_status":"open","ping_status":"closed","sticky":false,"template":"","format":"standard","meta":{"footnotes":""},"categories":[19],"tags":[124,1949],"class_list":["post-7353","post","type-post","status-publish","format-standard","has-post-thumbnail","hentry","category-nacional","tag-amlo","tag-reforma-educativa-amlo"],"_links":{"self":[{"href":"https:\/\/laultimapalabra.com.mx\/portal\/wp-json\/wp\/v2\/posts\/7353","targetHints":{"allow":["GET"]}}],"collection":[{"href":"https:\/\/laultimapalabra.com.mx\/portal\/wp-json\/wp\/v2\/posts"}],"about":[{"href":"https:\/\/laultimapalabra.com.mx\/portal\/wp-json\/wp\/v2\/types\/post"}],"author":[{"embeddable":true,"href":"https:\/\/laultimapalabra.com.mx\/portal\/wp-json\/wp\/v2\/users\/9"}],"replies":[{"embeddable":true,"href":"https:\/\/laultimapalabra.com.mx\/portal\/wp-json\/wp\/v2\/comments?post=7353"}],"version-history":[{"count":1,"href":"https:\/\/laultimapalabra.com.mx\/portal\/wp-json\/wp\/v2\/posts\/7353\/revisions"}],"predecessor-version":[{"id":66940,"href":"https:\/\/laultimapalabra.com.mx\/portal\/wp-json\/wp\/v2\/posts\/7353\/revisions\/66940"}],"wp:featuredmedia":[{"embeddable":true,"href":"https:\/\/laultimapalabra.com.mx\/portal\/wp-json\/"}],"wp:attachment":[{"href":"https:\/\/laultimapalabra.com.mx\/portal\/wp-json\/wp\/v2\/media?parent=7353"}],"wp:term":[{"taxonomy":"category","embeddable":true,"href":"https:\/\/laultimapalabra.com.mx\/portal\/wp-json\/wp\/v2\/categories?post=7353"},{"taxonomy":"post_tag","embeddable":true,"href":"https:\/\/laultimapalabra.com.mx\/portal\/wp-json\/wp\/v2\/tags?post=7353"}],"curies":[{"name":"wp","href":"https:\/\/api.w.org\/{rel}","templated":true}]}}