                       {"id":7366,"date":"2019-04-09T08:39:14","date_gmt":"2019-04-09T13:39:14","guid":{"rendered":"http:\/\/laultimapalabra.info\/?p=7366"},"modified":"2024-12-11T08:53:56","modified_gmt":"2024-12-11T14:53:56","slug":"descarta-amlo-revivir-cobro-de-tenencia","status":"publish","type":"post","link":"https:\/\/laultimapalabra.com.mx\/portal\/descarta-amlo-revivir-cobro-de-tenencia\/","title":{"rendered":"Descarta AMLO revivir cobro de tenencia"},"content":{"rendered":"<p><img loading=\"lazy\" decoding=\"async\" src=\"https:\/\/laultimapalabra.com.mx\/portal\/wp-content\/uploads\/2019\/04\/78885093264873964565227219.jpg\" class=\"wp-image-7364 alignnone size-full\" width=\"660\" height=\"440\"><\/p>\n<p>Cd. de M\u00e9xico (09 abril 2019).-<\/p>\n<p>El Presidente asegur\u00f3 que no habr\u00e1 nuevos impuestos. Foto: Gabriel Jim\u00e9nez<\/p>\n<p>El Presidente Andr\u00e9s Manuel L\u00f3pez Obrador descart\u00f3 que se vaya a revivir el cobro de la tenencia y asegur\u00f3 que no habr\u00e1 nuevos impuestos, como plante\u00f3 el subsecretario de Hacienda, Arturo Herrera.<\/p>\n<p>&#8220;No hay aumentos de impuestos, ni hay impuestos nuevos, los compromisos se cumplen&#8221;, afirm\u00f3 en su conferencia ma\u00f1anera.<\/p>\n<p>&#8220;Digo esto porque ayer se dijo que se va a restablecer el impuesto de la tenencia, eso no es cierto, eso quisieran nuestros adversarios, se van a quedar con las ganas. No hay aumento de impuestos ni impuestos nuevos&#8221;.<\/p>\n<p>Ayer, el funcionario de SHCP y legisladores propusieron retomar cobro de impuestos como la tenencia de veh\u00edculos y fortalecer el cobro del predial con el objetivo de superar los bajos niveles de recaudaci\u00f3n de los \u00faltimos a\u00f1os.<\/p>\n<p>Adem\u00e1s, durante el segundo Foro de Legisladores en Materia Hacendaria tambi\u00e9n se plante\u00f3 revisar el pacto fiscal para fortalecer las haciendas p\u00fablicas locales.<\/p>\n<p>Fuente: El Norte<\/p>\n","protected":false},"excerpt":{"rendered":"<p>Cd. de M\u00e9xico (09 abril 2019).- El Presidente asegur\u00f3 que no habr\u00e1 nuevos impuestos. Foto: Gabriel Jim\u00e9nez El Presidente Andr\u00e9s Manuel L\u00f3pez Obrador descart\u00f3 que se vaya a revivir el cobro de la tenencia y asegur\u00f3 que no habr\u00e1 nuevos impuestos, como plante\u00f3 el subsecretario de Hacienda, Arturo Herrera. &#8220;No hay aumentos de impuestos, ni [&hellip;]<\/p>\n","protected":false},"author":9,"featured_media":7365,"comment_status":"open","ping_status":"closed","sticky":false,"template":"","format":"standard","meta":{"footnotes":""},"categories":[19],"tags":[124,594],"class_list":["post-7366","post","type-post","status-publish","format-standard","has-post-thumbnail","hentry","category-nacional","tag-amlo","tag-cobro-de-tenencia"],"_links":{"self":[{"href":"https:\/\/laultimapalabra.com.mx\/portal\/wp-json\/wp\/v2\/posts\/7366","targetHints":{"allow":["GET"]}}],"collection":[{"href":"https:\/\/laultimapalabra.com.mx\/portal\/wp-json\/wp\/v2\/posts"}],"about":[{"href":"https:\/\/laultimapalabra.com.mx\/portal\/wp-json\/wp\/v2\/types\/post"}],"author":[{"embeddable":true,"href":"https:\/\/laultimapalabra.com.mx\/portal\/wp-json\/wp\/v2\/users\/9"}],"replies":[{"embeddable":true,"href":"https:\/\/laultimapalabra.com.mx\/portal\/wp-json\/wp\/v2\/comments?post=7366"}],"version-history":[{"count":1,"href":"https:\/\/laultimapalabra.com.mx\/portal\/wp-json\/wp\/v2\/posts\/7366\/revisions"}],"predecessor-version":[{"id":66946,"href":"https:\/\/laultimapalabra.com.mx\/portal\/wp-json\/wp\/v2\/posts\/7366\/revisions\/66946"}],"wp:featuredmedia":[{"embeddable":true,"href":"https:\/\/laultimapalabra.com.mx\/portal\/wp-json\/"}],"wp:attachment":[{"href":"https:\/\/laultimapalabra.com.mx\/portal\/wp-json\/wp\/v2\/media?parent=7366"}],"wp:term":[{"taxonomy":"category","embeddable":true,"href":"https:\/\/laultimapalabra.com.mx\/portal\/wp-json\/wp\/v2\/categories?post=7366"},{"taxonomy":"post_tag","embeddable":true,"href":"https:\/\/laultimapalabra.com.mx\/portal\/wp-json\/wp\/v2\/tags?post=7366"}],"curies":[{"name":"wp","href":"https:\/\/api.w.org\/{rel}","templated":true}]}}