                       {"id":7381,"date":"2019-04-09T11:16:10","date_gmt":"2019-04-09T16:16:10","guid":{"rendered":"http:\/\/laultimapalabra.info\/?p=7381"},"modified":"2024-12-11T08:53:56","modified_gmt":"2024-12-11T14:53:56","slug":"prepara-estado-un-santo-tarifazo","status":"publish","type":"post","link":"https:\/\/laultimapalabra.com.mx\/portal\/prepara-estado-un-santo-tarifazo\/","title":{"rendered":"Prepara Estado un &#8216;Santo tarifazo&#8217;"},"content":{"rendered":"<p style=\"text-align: justify;\"><img loading=\"lazy\" decoding=\"async\" class=\"size-medium wp-image-7382 alignright\" src=\"https:\/\/laultimapalabra.com.mx\/portal\/wp-content\/uploads\/2019\/04\/56488582_2300386593339537_8696766410224828416_n-300x200.jpg\" alt=\"\" width=\"300\" height=\"200\" \/>Monterrey, N.L.- El Gobierno estatal contempla dar el tarifazo al transporte p\u00fablico en semana santa.<\/p>\n<p style=\"text-align: justify;\">Manuel Gonz\u00e1lez, Secretario General de Gobierno, dijo que esta semana informar\u00e1 los acuerdos a todos los actores involucrados para convocar al Consejo Estatal del Transporte el pr\u00f3ximo mi\u00e9rcoles.<\/p>\n<p style=\"text-align: justify;\">&#8220;Terminaremos (las reuniones informativas) el jueves y estaremos publicando la convocatoria para una reuni\u00f3n de Consejo extraordinaria el pr\u00f3ximo mi\u00e9rcoles&#8221;, expres\u00f3.<\/p>\n<p style=\"text-align: justify;\">&#8220;No es temporada vacacional, es d\u00eda h\u00e1bil, como cualquier otro&#8221;.<\/p>\n<p style=\"text-align: justify;\">Gonz\u00e1lez tendr\u00e1 hoy una comparecencia en el Congreso para informar a los Diputados el avance de las negociaciones con transportistas, c\u00e1maras empresariales y Alcaldes.<br \/>\nFuente: El Norte<\/p>\n","protected":false},"excerpt":{"rendered":"<p>Monterrey, N.L.- El Gobierno estatal contempla dar el tarifazo al transporte p\u00fablico en semana santa. Manuel Gonz\u00e1lez, Secretario General de Gobierno, dijo que esta semana informar\u00e1 los acuerdos a todos los actores involucrados para convocar al Consejo Estatal del Transporte el pr\u00f3ximo mi\u00e9rcoles. &#8220;Terminaremos (las reuniones informativas) el jueves y estaremos publicando la convocatoria para [&hellip;]<\/p>\n","protected":false},"author":9,"featured_media":7382,"comment_status":"open","ping_status":"closed","sticky":false,"template":"","format":"standard","meta":{"footnotes":""},"categories":[15],"tags":[233,1481],"class_list":["post-7381","post","type-post","status-publish","format-standard","has-post-thumbnail","hentry","category-estado","tag-aumento-en-transporte","tag-manuel-gonzalez"],"_links":{"self":[{"href":"https:\/\/laultimapalabra.com.mx\/portal\/wp-json\/wp\/v2\/posts\/7381","targetHints":{"allow":["GET"]}}],"collection":[{"href":"https:\/\/laultimapalabra.com.mx\/portal\/wp-json\/wp\/v2\/posts"}],"about":[{"href":"https:\/\/laultimapalabra.com.mx\/portal\/wp-json\/wp\/v2\/types\/post"}],"author":[{"embeddable":true,"href":"https:\/\/laultimapalabra.com.mx\/portal\/wp-json\/wp\/v2\/users\/9"}],"replies":[{"embeddable":true,"href":"https:\/\/laultimapalabra.com.mx\/portal\/wp-json\/wp\/v2\/comments?post=7381"}],"version-history":[{"count":1,"href":"https:\/\/laultimapalabra.com.mx\/portal\/wp-json\/wp\/v2\/posts\/7381\/revisions"}],"predecessor-version":[{"id":66954,"href":"https:\/\/laultimapalabra.com.mx\/portal\/wp-json\/wp\/v2\/posts\/7381\/revisions\/66954"}],"wp:featuredmedia":[{"embeddable":true,"href":"https:\/\/laultimapalabra.com.mx\/portal\/wp-json\/"}],"wp:attachment":[{"href":"https:\/\/laultimapalabra.com.mx\/portal\/wp-json\/wp\/v2\/media?parent=7381"}],"wp:term":[{"taxonomy":"category","embeddable":true,"href":"https:\/\/laultimapalabra.com.mx\/portal\/wp-json\/wp\/v2\/categories?post=7381"},{"taxonomy":"post_tag","embeddable":true,"href":"https:\/\/laultimapalabra.com.mx\/portal\/wp-json\/wp\/v2\/tags?post=7381"}],"curies":[{"name":"wp","href":"https:\/\/api.w.org\/{rel}","templated":true}]}}