                       {"id":7445,"date":"2019-04-12T07:01:53","date_gmt":"2019-04-12T12:01:53","guid":{"rendered":"http:\/\/laultimapalabra.info\/?p=7445"},"modified":"2024-12-11T08:53:57","modified_gmt":"2024-12-11T14:53:57","slug":"se-deslinda-el-pan-los-panistas-no-firmamos-contrato","status":"publish","type":"post","link":"https:\/\/laultimapalabra.com.mx\/portal\/se-deslinda-el-pan-los-panistas-no-firmamos-contrato\/","title":{"rendered":"Se deslinda el PAN\u2026  \u201cLos panistas no firmamos contrato\u201d"},"content":{"rendered":"<p style=\"text-align: justify;\">Contrato por las luminarias en litigio ser\u00e1 el firmado por Lalo De La Garza, se\u00f1ala la presidenta del PAN, Cecilia de la Paz<\/p>\n<p style=\"text-align: justify;\"><img loading=\"lazy\" decoding=\"async\" class=\"size-medium wp-image-7446 alignleft\" src=\"https:\/\/laultimapalabra.com.mx\/portal\/wp-content\/uploads\/2019\/04\/FIRMAS-LUMINARIAS-2-233x300.jpg\" alt=\"\" width=\"233\" height=\"300\" \/>Miguel Oscar P\u00e9rez<br \/>\nCADEREYTA JIM\u00c9NEZ, N.L.-<br \/>\n\u201cEl \u00fanico contrato de que nosotros tenemos conocimiento fue uno firmado en 2012 durante la administraci\u00f3n de Eduardo de la Garza, y posteriormente aprobado en 2014 por Ernesto Quintanilla cuando fue Diputado\u201d, dijo Cecilia de la Paz Ibarra, ex regidora de la pasada administraci\u00f3n y presidenta del PAN de Cadereyta.<br \/>\nA\u00f1adi\u00f3 que lo que se hizo durante la administraci\u00f3n del ex alcalde Santiago Preciado, fue mejorar las condiciones de ese contrato que data desde la gesti\u00f3n de Eduardo De la Garza, pero no se firm\u00f3 ning\u00fan contrato.<br \/>\n\u201cSi la empresa quiere demandar el incumplimiento de alg\u00fan contrato tendr\u00eda que ser el contrato firmado en 2012 y refrendado en el Congreso por el entonces diputado Local, Ernesto Quintanilla\u201d, se\u00f1al\u00f3 la l\u00edder albiazul.<br \/>\nRecord\u00f3 que fue el siete de diciembre del 2011, cuando en una convocatoria p\u00fablica para el proyecto de modernizaci\u00f3n del alumbrado p\u00fablico para el municipio, se realiz\u00f3 una licitaci\u00f3n p\u00fablica para el arrendamiento 9,863 luminarias.<br \/>\nUn mes despu\u00e9s el 4 de enero de 2012, se adjudic\u00f3 a la empresa Celsol, S.A. de C.V. el proyecto de modernizaci\u00f3n del alumbrado p\u00fablico, y el 9 de enero de 2012 la adjudicaci\u00f3n fue ratificada por Ayuntamiento lo cual consta en acta de cabildo n\u00famero 02\/2012.<\/p>\n<p>En fecha 9 de enero de 2012, fue celebrado el Contrato para el \u201cProyecto de Modernizaci\u00f3n del Alumbrado P\u00fablico para el Municipio de Cadereyta Jim\u00e9nez\u201d, entre los representantes del Municipio que encabezaba Eduardo de la Garza y la empresa CELSOL, S.A.P.I. de C.V.<br \/>\nAs\u00ed qued\u00f3 establecido y vigente.<br \/>\n\u201cDos a\u00f1os despu\u00e9s, el 11 de agosto de 2014, el entonces diputado Ernesto Quintanilla, aprob\u00f3 mediante Decreto n\u00famero 174, publicado en el Peri\u00f3dico Oficial del Estado de Nuevo Le\u00f3n, Tomo CLI n\u00famero 101, la afectaci\u00f3n de Participaciones que en Ingresos Federales le corresponden al Municipio por un periodo de 10 a\u00f1os, como garant\u00eda y fuente de pago para el cumplimiento de las obligaciones emanadas del Contrato de Arrendamiento de Luminarias.<br \/>\n\u201cDurante nuestra gesti\u00f3n, en el a\u00f1o 2017 el Cabildo 2015-2018 buscamos mejorar las condiciones del contrato de luminarias con la empresa CELSOL, pero nunca se firm\u00f3 ning\u00fan contrato durante esa administraci\u00f3n por el s\u00edndico segundo\u201d, concluy\u00f3 la tambi\u00e9n ex candidata panista por el Distrito 23.<\/p>\n","protected":false},"excerpt":{"rendered":"<p>Contrato por las luminarias en litigio ser\u00e1 el firmado por Lalo De La Garza, se\u00f1ala la presidenta del PAN, Cecilia de la Paz Miguel Oscar P\u00e9rez CADEREYTA JIM\u00c9NEZ, N.L.- \u201cEl \u00fanico contrato de que nosotros tenemos conocimiento fue uno firmado en 2012 durante la administraci\u00f3n de Eduardo de la Garza, y posteriormente aprobado en 2014 [&hellip;]<\/p>\n","protected":false},"author":9,"featured_media":7446,"comment_status":"open","ping_status":"closed","sticky":false,"template":"","format":"standard","meta":{"footnotes":""},"categories":[17],"tags":[510,705,1692],"class_list":["post-7445","post","type-post","status-publish","format-standard","has-post-thumbnail","hentry","category-locales-cadereyta","tag-cecilia-de-la-paz","tag-contrato-luminarias-cadereyta","tag-pan-cadereyta"],"_links":{"self":[{"href":"https:\/\/laultimapalabra.com.mx\/portal\/wp-json\/wp\/v2\/posts\/7445","targetHints":{"allow":["GET"]}}],"collection":[{"href":"https:\/\/laultimapalabra.com.mx\/portal\/wp-json\/wp\/v2\/posts"}],"about":[{"href":"https:\/\/laultimapalabra.com.mx\/portal\/wp-json\/wp\/v2\/types\/post"}],"author":[{"embeddable":true,"href":"https:\/\/laultimapalabra.com.mx\/portal\/wp-json\/wp\/v2\/users\/9"}],"replies":[{"embeddable":true,"href":"https:\/\/laultimapalabra.com.mx\/portal\/wp-json\/wp\/v2\/comments?post=7445"}],"version-history":[{"count":1,"href":"https:\/\/laultimapalabra.com.mx\/portal\/wp-json\/wp\/v2\/posts\/7445\/revisions"}],"predecessor-version":[{"id":66988,"href":"https:\/\/laultimapalabra.com.mx\/portal\/wp-json\/wp\/v2\/posts\/7445\/revisions\/66988"}],"wp:featuredmedia":[{"embeddable":true,"href":"https:\/\/laultimapalabra.com.mx\/portal\/wp-json\/"}],"wp:attachment":[{"href":"https:\/\/laultimapalabra.com.mx\/portal\/wp-json\/wp\/v2\/media?parent=7445"}],"wp:term":[{"taxonomy":"category","embeddable":true,"href":"https:\/\/laultimapalabra.com.mx\/portal\/wp-json\/wp\/v2\/categories?post=7445"},{"taxonomy":"post_tag","embeddable":true,"href":"https:\/\/laultimapalabra.com.mx\/portal\/wp-json\/wp\/v2\/tags?post=7445"}],"curies":[{"name":"wp","href":"https:\/\/api.w.org\/{rel}","templated":true}]}}