                       {"id":7521,"date":"2019-04-12T20:54:29","date_gmt":"2019-04-13T01:54:29","guid":{"rendered":"http:\/\/laultimapalabra.info\/?p=7521"},"modified":"2024-12-11T08:53:58","modified_gmt":"2024-12-11T14:53:58","slug":"arranca-semana-santa-segura-2019","status":"publish","type":"post","link":"https:\/\/laultimapalabra.com.mx\/portal\/arranca-semana-santa-segura-2019\/","title":{"rendered":"Arranca &#8220;Semana Santa Segura 2019&#8221;"},"content":{"rendered":"<p style=\"text-align: justify;\"><img loading=\"lazy\" decoding=\"async\" class=\"size-medium wp-image-7522 alignright\" src=\"https:\/\/laultimapalabra.com.mx\/portal\/wp-content\/uploads\/2019\/04\/56781130_2305561392822057_136564373576482816_n-300x225.jpg\" alt=\"\" width=\"300\" height=\"225\" \/> Cadereyts Jim\u00e9nez, N.L.- Con la participaci\u00f3n de aproximadamente 250 elementos de Seguridad P\u00fablica, Protecci\u00f3n Civil y Bomberos la ma\u00f1ana de hoy arranc\u00f3 el operativo &#8220;Semana Santa Segura 2019&#8221; en Cadereyta.<br \/>\nEncabezados por el alcalde de esta ciudad, Ernesto Quintanilla Villarreal, funcionarios de primer nivel como el Secretario de Ayuntamiento, Carlos Rodr\u00edguez; el Tesorero Municipal, Juan Bautista Gonz\u00e1le\u017a; Regidores y directores dieron el banderazo de arranque a las unidades de polic\u00eda, transito, polic\u00eda federal y ambulancias, se\u00f1alando Quintanilla Villarreal que se contar\u00e1 con coordinaci\u00f3n con los cuerpos de auxilio de municipios vecinos como Ju\u00e1rez, Allende, etc.<br \/>\n<img loading=\"lazy\" decoding=\"async\" class=\"size-medium wp-image-7524 alignleft\" src=\"https:\/\/laultimapalabra.com.mx\/portal\/wp-content\/uploads\/2019\/04\/57188211_2305561359488727_8275545459833962496_n-300x225.jpg\" alt=\"\" width=\"300\" height=\"225\" \/>Mientras que en los puntos tur\u00edsticos instalar\u00e1n m\u00f3dulos de.informaci\u00f3n y reacci\u00f3n por cualquier imprevisto que se les pueda presentar a los paseantes.<br \/>\nAdem\u00e1s de recomendar el consumo moderado de alcohol y la precauci\u00f3n al introducirse en los r\u00edos de la localidad.<br \/>\nCon este operativo, el edil jimenense espera lograr un saldo blanco en este periodo vacacional.<\/p>\n","protected":false},"excerpt":{"rendered":"<p>Cadereyts Jim\u00e9nez, N.L.- Con la participaci\u00f3n de aproximadamente 250 elementos de Seguridad P\u00fablica, Protecci\u00f3n Civil y Bomberos la ma\u00f1ana de hoy arranc\u00f3 el operativo &#8220;Semana Santa Segura 2019&#8221; en Cadereyta. Encabezados por el alcalde de esta ciudad, Ernesto Quintanilla Villarreal, funcionarios de primer nivel como el Secretario de Ayuntamiento, Carlos Rodr\u00edguez; el Tesorero Municipal, Juan [&hellip;]<\/p>\n","protected":false},"author":9,"featured_media":7523,"comment_status":"open","ping_status":"closed","sticky":false,"template":"","format":"standard","meta":{"footnotes":""},"categories":[17,8,9],"tags":[990,1134,1173,1675],"class_list":["post-7521","post","type-post","status-publish","format-standard","has-post-thumbnail","hentry","category-locales-cadereyta","category-seguridad","category-seguridad-cadereyta","tag-ernesto-quintanilla","tag-gamaliel-meza","tag-guillermo-delgado","tag-operativo-semana-santa-2019-cadereyta"],"_links":{"self":[{"href":"https:\/\/laultimapalabra.com.mx\/portal\/wp-json\/wp\/v2\/posts\/7521","targetHints":{"allow":["GET"]}}],"collection":[{"href":"https:\/\/laultimapalabra.com.mx\/portal\/wp-json\/wp\/v2\/posts"}],"about":[{"href":"https:\/\/laultimapalabra.com.mx\/portal\/wp-json\/wp\/v2\/types\/post"}],"author":[{"embeddable":true,"href":"https:\/\/laultimapalabra.com.mx\/portal\/wp-json\/wp\/v2\/users\/9"}],"replies":[{"embeddable":true,"href":"https:\/\/laultimapalabra.com.mx\/portal\/wp-json\/wp\/v2\/comments?post=7521"}],"version-history":[{"count":1,"href":"https:\/\/laultimapalabra.com.mx\/portal\/wp-json\/wp\/v2\/posts\/7521\/revisions"}],"predecessor-version":[{"id":67024,"href":"https:\/\/laultimapalabra.com.mx\/portal\/wp-json\/wp\/v2\/posts\/7521\/revisions\/67024"}],"wp:featuredmedia":[{"embeddable":true,"href":"https:\/\/laultimapalabra.com.mx\/portal\/wp-json\/"}],"wp:attachment":[{"href":"https:\/\/laultimapalabra.com.mx\/portal\/wp-json\/wp\/v2\/media?parent=7521"}],"wp:term":[{"taxonomy":"category","embeddable":true,"href":"https:\/\/laultimapalabra.com.mx\/portal\/wp-json\/wp\/v2\/categories?post=7521"},{"taxonomy":"post_tag","embeddable":true,"href":"https:\/\/laultimapalabra.com.mx\/portal\/wp-json\/wp\/v2\/tags?post=7521"}],"curies":[{"name":"wp","href":"https:\/\/api.w.org\/{rel}","templated":true}]}}