                       {"id":7563,"date":"2019-04-25T17:17:08","date_gmt":"2019-04-25T22:17:08","guid":{"rendered":"http:\/\/laultimapalabra.info\/?p=7563"},"modified":"2024-12-11T08:53:58","modified_gmt":"2024-12-11T14:53:58","slug":"lic-francisco-sada-gomez-ilustre-jimenence-en-el-olvido","status":"publish","type":"post","link":"https:\/\/laultimapalabra.com.mx\/portal\/lic-francisco-sada-gomez-ilustre-jimenence-en-el-olvido\/","title":{"rendered":"Lic. Francisco Sada G\u00f3mez\u2026\u2026 Ilustre Jimenence\u2026\u2026\u2026. En el olvido"},"content":{"rendered":"<p style=\"text-align: justify;\"><img loading=\"lazy\" decoding=\"async\" class=\"size-medium wp-image-7565 alignright\" src=\"https:\/\/laultimapalabra.com.mx\/portal\/wp-content\/uploads\/2019\/04\/francisco-g-sada-y-schnaider-300x229.jpg\" alt=\"\" width=\"300\" height=\"229\" \/>Por: Dr. Jos\u00e9 Ascenci\u00f3n Tijerina Flores<\/p>\n<p style=\"text-align: justify;\">Es el licenciado Sada G\u00f3mez un Jimenence distinguido que desgraciadamente est\u00e1 olvidado por nuestra historia. Hoy nos ocuparemos de \u00e9l.<br \/>\nNaci\u00f3 en Cadereyta Jim\u00e9nez un 21 de junio de 1827, vio sus primeras luces en \u201cla Hacienda la Pur\u00edsima\u201d, propiedad de su abuelo paterno en esta jurisdicci\u00f3n.<br \/>\nFueron sus padres: Don Mat\u00edas de Sada y Do\u00f1a Guadalupe G\u00f3mez de Castro. Don Manuel de Sada y Do\u00f1a Josefa Guerra sus abuelos paternos, Don Miguel G\u00f3mez y Do\u00f1a Mar\u00eda Rosa Garc\u00eda abuelos maternos.<br \/>\nFue bautizado en la iglesia de Cadereyta el d\u00eda 24 de julio del mismo a\u00f1o imponi\u00e9ndosele el nombre de Francisco Cirilo Tiburcio, su padrino de agua el Reverendo Juan Francisco F\u00e9lix, Don Mat\u00edas Sada y G\u00f3mez y Do\u00f1a Tomasa Muguerza padrinos de brazos.<br \/>\nTerminada su instrucci\u00f3n primaria fue enviado a la capital de la Republica para llevar a cabo sus estudios de abogado.<br \/>\nPor los a\u00f1os 1844 a 1848 estuvo a la compa\u00f1ia de un hermano de su padre, el cura Don Joaqu\u00edn Sada, que oficiaba en la parroquia de Tepoztl\u00e1n de la ciudad de M\u00e9xico.<br \/>\nTerminados sus estudios regres\u00f3 a Monterrey por el mes de julio de 1848 a lomo de mula, aprovechando el viaje de algunos comerciantes a Monterrey.<br \/>\nSu capacidad de estudiante fue distinguida y el servicio para recibir su t\u00edtulo que requer\u00eda tres a\u00f1os, lo hizo en solo un a\u00f1o. Recibi\u00f3 su t\u00edtulo en Monterrey un 12 de febrero en 1852 el cual esta signado por el Lic. Juan Nepomuseno de la Garza y Evia, Lic. Jos\u00e9 de Jes\u00fas D\u00e1vila y Prieto, Don Jos\u00e9 Mar\u00eda Mart\u00ednez (Oficial primero) y el Secretario Luciano Espinoza mediante el pago de 30 pesos ingresados a la Tesorer\u00eda General.<br \/>\nExiste el caso curioso de que pasaron algunos d\u00edas para que se le entregara el t\u00edtulo porque Don Francisco no hab\u00eda llevado el papel correspondiente.<br \/>\nPoco tiempo despu\u00e9s fue nombrado Juez de Letras de lo Civil y Criminal del partido de Villaldama en el departamento de Nuevo Le\u00f3n con un sueldo anual de 900 pesos ordenado por el General Antonio L\u00f3pez de Santa Anna entonces Presidente de M\u00e9xico y dado en el Palacio Nacional un 17 de mayo de 1854.<br \/>\nA\u00f1os despu\u00e9s, cuando los se\u00f1ores Carlos y Manuel S\u00e1nchez Navarro compraron el \u201cMarquezado de Aguayo\u201d, un latifundio que comprend\u00eda gran parte de los Estados de Coahuila y Zacatecas en la cantidad de 400 mil pesos de plata prestados por una t\u00eda de \u00e9stos y cargados en bolsos a lomo de mula.<br \/>\nFue llamado el Lic. Sada por los se\u00f1ores S\u00e1nchez Navarro para que los defendiera, pues cuando la intervenci\u00f3n Francesa hubo terminado, el Gobierno les incaut\u00f3 el latifundio, el caso lleg\u00f3 a los tribunales del estado de Coahuila durando 7 a\u00f1os defendi\u00e9ndolo el Lic. Sada y ganado el juicio.<br \/>\nApel\u00f3 el Gobierno en segunda y tercera instancia y \u201cDon Pancho\u201d volvi\u00f3 a ganar, pero pasaron el asunto a la Suprema Corte de Justicia y despu\u00e9s de concienzudo estudio confirm\u00f3 el fallo en favor de los S\u00e1nchez Navarro.<br \/>\nEl entonces Presidente Porfirio D\u00edaz llam\u00f3 llamar al Lic. Francisco celebrando entre ellos una ventajosa transacci\u00f3n. Por los a\u00f1os 1880 a 1890 fue representante de su estado ante la C\u00e1mara de Diputados y Senadores de la Rep\u00fablica.<br \/>\nEn 1865 fue condecorado por el entonces Emperador de M\u00e9xico Maximiliano de Hasburgo con la presea M\u00e1xima de \u201cCaballero de la Orden de Guadalupe\u201d.<br \/>\nContrajo matrimonio con la se\u00f1orita Carmen Muguerza siendo sus hijos: Ricardo, Concepci\u00f3n, Francisco, Consuelo, Mar\u00eda del Rosario, Alberto, Enrique, Mar\u00eda, Carlos y Jes\u00fas.<br \/>\nEl Lic. Francisco Sada fue socio fundador y abogado consultor de la cervecer\u00eda Cuauht\u00e9moc fundada en noviembre de 1890, habiendo sido el quien formul\u00f3 las bases sobre las que inici\u00f3 sus actividades esta empresa.<br \/>\nFund\u00f3 en compa\u00f1\u00eda de Don Eugenio Serrano la Hacienda \u201cLa Fragua\u201d en la cercan\u00edas de San Juan Nuevo Le\u00f3n, donde a\u00fan se puede admirar sus ruinas, fue unas de las haciendas m\u00e1s productivas de la regi\u00f3n lleg\u00e1ndose a considerar como \u201cel granero\u201d de la regi\u00f3n, por su alta producci\u00f3n de ma\u00edz, frijol y principalmente ca\u00f1a de az\u00facar y piloncillo.<br \/>\nMuri\u00f3 en la ciudad de Monterrey en el a\u00f1o de 1892<br \/>\nFue un ilustre Jimenece, lamentablemente ignorado y olvidado, pues no existe un recuerdo a su memoria y grandeza en monumento, escuela o calle de nuestro Municipio.<br \/>\nLic. Juan Francisco Sada G\u00f3mez\u2026\u2026. Ilustre Jimenence\u2026\u2026.. En el olvido<br \/>\nGracias<br \/>\nDatos recabados del libro Antolog\u00eda biogr\u00e1fica de nuestro primer cronista Don Carlos Villareal Arrambide.<\/p>\n","protected":false},"excerpt":{"rendered":"<p>Por: Dr. Jos\u00e9 Ascenci\u00f3n Tijerina Flores Es el licenciado Sada G\u00f3mez un Jimenence distinguido que desgraciadamente est\u00e1 olvidado por nuestra historia. Hoy nos ocuparemos de \u00e9l. Naci\u00f3 en Cadereyta Jim\u00e9nez un 21 de junio de 1827, vio sus primeras luces en \u201cla Hacienda la Pur\u00edsima\u201d, propiedad de su abuelo paterno en esta jurisdicci\u00f3n. Fueron sus [&hellip;]<\/p>\n","protected":false},"author":9,"featured_media":7565,"comment_status":"open","ping_status":"closed","sticky":false,"template":"","format":"standard","meta":{"footnotes":""},"categories":[1],"tags":[879],"class_list":["post-7563","post","type-post","status-publish","format-standard","has-post-thumbnail","hentry","category-noticias","tag-dr-jose-ascencion-tijerina-flores"],"_links":{"self":[{"href":"https:\/\/laultimapalabra.com.mx\/portal\/wp-json\/wp\/v2\/posts\/7563","targetHints":{"allow":["GET"]}}],"collection":[{"href":"https:\/\/laultimapalabra.com.mx\/portal\/wp-json\/wp\/v2\/posts"}],"about":[{"href":"https:\/\/laultimapalabra.com.mx\/portal\/wp-json\/wp\/v2\/types\/post"}],"author":[{"embeddable":true,"href":"https:\/\/laultimapalabra.com.mx\/portal\/wp-json\/wp\/v2\/users\/9"}],"replies":[{"embeddable":true,"href":"https:\/\/laultimapalabra.com.mx\/portal\/wp-json\/wp\/v2\/comments?post=7563"}],"version-history":[{"count":1,"href":"https:\/\/laultimapalabra.com.mx\/portal\/wp-json\/wp\/v2\/posts\/7563\/revisions"}],"predecessor-version":[{"id":67044,"href":"https:\/\/laultimapalabra.com.mx\/portal\/wp-json\/wp\/v2\/posts\/7563\/revisions\/67044"}],"wp:featuredmedia":[{"embeddable":true,"href":"https:\/\/laultimapalabra.com.mx\/portal\/wp-json\/"}],"wp:attachment":[{"href":"https:\/\/laultimapalabra.com.mx\/portal\/wp-json\/wp\/v2\/media?parent=7563"}],"wp:term":[{"taxonomy":"category","embeddable":true,"href":"https:\/\/laultimapalabra.com.mx\/portal\/wp-json\/wp\/v2\/categories?post=7563"},{"taxonomy":"post_tag","embeddable":true,"href":"https:\/\/laultimapalabra.com.mx\/portal\/wp-json\/wp\/v2\/tags?post=7563"}],"curies":[{"name":"wp","href":"https:\/\/api.w.org\/{rel}","templated":true}]}}