                       {"id":7583,"date":"2019-04-25T21:41:26","date_gmt":"2019-04-26T02:41:26","guid":{"rendered":"http:\/\/laultimapalabra.info\/?p=7583"},"modified":"2024-12-11T08:55:40","modified_gmt":"2024-12-11T14:55:40","slug":"profesionalizan-a-bomberos-y-pc","status":"publish","type":"post","link":"https:\/\/laultimapalabra.com.mx\/portal\/profesionalizan-a-bomberos-y-pc\/","title":{"rendered":"Profesionalizan a bomberos y PC"},"content":{"rendered":"<p style=\"text-align: justify;\"><img loading=\"lazy\" decoding=\"async\" class=\"size-medium wp-image-7585 alignright\" src=\"https:\/\/laultimapalabra.com.mx\/portal\/wp-content\/uploads\/2019\/04\/157e1d2e-342c-4815-85ab-fae2c9b916a9-300x200.jpg\" alt=\"\" width=\"300\" height=\"200\" \/>CADEREYTA JIM\u00c9NEZ, N.L.-<br \/>\nElementos de Protecci\u00f3n Civil, bomberos, param\u00e9dicos y voluntarios est\u00e1n recibiendo un curso de actualizaci\u00f3n para hacer un personal mejor capacitado y m\u00e1s profesional de estas corporaciones.<br \/>\nEl director de Servicios de emergencias Cadereyta, Guillermo de Le\u00f3n Delgado, anunci\u00f3 que los talleres de actualizaci\u00f3n est\u00e1n en pleno desarrollo por parte de un teniente de Bomberos del Estado, para instruir el curso.<br \/>\nDijo que los temas que se est\u00e1n ense\u00f1ando son \u201cComportamiento del Fuego\u201d y \u201cQu\u00edmica del Fuego\u201d lo cual es de suma importancia para todo el personal.<br \/>\nSe\u00f1al\u00f3 que adem\u00e1s se espera el curso de rescate vehicular por parte de Protecci\u00f3n Civil del Estado, as\u00ed como de la Cruz Verde, cuyos instructores dar\u00e1n el importante curso de rescate con cuerdas.<br \/>\nEl funcionario agradeci\u00f3 al alcalde Ernesto Quintanilla, por todo el apoyo recibido para la realizaci\u00f3n de estos importantes cursos de profesionalizaci\u00f3n para los elementos de las corporaciones que conforman los Servicios de Emergencia.<\/p>\n","protected":false},"excerpt":{"rendered":"<p>CADEREYTA JIM\u00c9NEZ, N.L.- Elementos de Protecci\u00f3n Civil, bomberos, param\u00e9dicos y voluntarios est\u00e1n recibiendo un curso de actualizaci\u00f3n para hacer un personal mejor capacitado y m\u00e1s profesional de estas corporaciones. El director de Servicios de emergencias Cadereyta, Guillermo de Le\u00f3n Delgado, anunci\u00f3 que los talleres de actualizaci\u00f3n est\u00e1n en pleno desarrollo por parte de un teniente [&hellip;]<\/p>\n","protected":false},"author":9,"featured_media":7584,"comment_status":"open","ping_status":"closed","sticky":false,"template":"","format":"standard","meta":{"footnotes":""},"categories":[17,8,9],"tags":[450,1172],"class_list":["post-7583","post","type-post","status-publish","format-standard","has-post-thumbnail","hentry","category-locales-cadereyta","category-seguridad","category-seguridad-cadereyta","tag-capacitacion-servicios-de-mergencia","tag-guillermo-de-leon-delgado"],"_links":{"self":[{"href":"https:\/\/laultimapalabra.com.mx\/portal\/wp-json\/wp\/v2\/posts\/7583","targetHints":{"allow":["GET"]}}],"collection":[{"href":"https:\/\/laultimapalabra.com.mx\/portal\/wp-json\/wp\/v2\/posts"}],"about":[{"href":"https:\/\/laultimapalabra.com.mx\/portal\/wp-json\/wp\/v2\/types\/post"}],"author":[{"embeddable":true,"href":"https:\/\/laultimapalabra.com.mx\/portal\/wp-json\/wp\/v2\/users\/9"}],"replies":[{"embeddable":true,"href":"https:\/\/laultimapalabra.com.mx\/portal\/wp-json\/wp\/v2\/comments?post=7583"}],"version-history":[{"count":1,"href":"https:\/\/laultimapalabra.com.mx\/portal\/wp-json\/wp\/v2\/posts\/7583\/revisions"}],"predecessor-version":[{"id":67057,"href":"https:\/\/laultimapalabra.com.mx\/portal\/wp-json\/wp\/v2\/posts\/7583\/revisions\/67057"}],"wp:featuredmedia":[{"embeddable":true,"href":"https:\/\/laultimapalabra.com.mx\/portal\/wp-json\/"}],"wp:attachment":[{"href":"https:\/\/laultimapalabra.com.mx\/portal\/wp-json\/wp\/v2\/media?parent=7583"}],"wp:term":[{"taxonomy":"category","embeddable":true,"href":"https:\/\/laultimapalabra.com.mx\/portal\/wp-json\/wp\/v2\/categories?post=7583"},{"taxonomy":"post_tag","embeddable":true,"href":"https:\/\/laultimapalabra.com.mx\/portal\/wp-json\/wp\/v2\/tags?post=7583"}],"curies":[{"name":"wp","href":"https:\/\/api.w.org\/{rel}","templated":true}]}}