                       {"id":7707,"date":"2019-05-03T00:00:48","date_gmt":"2019-05-03T05:00:48","guid":{"rendered":"http:\/\/laultimapalabra.info\/?p=7707"},"modified":"2024-12-11T08:55:41","modified_gmt":"2024-12-11T14:55:41","slug":"foto-del-recuerdo-47","status":"publish","type":"post","link":"https:\/\/laultimapalabra.com.mx\/portal\/foto-del-recuerdo-47\/","title":{"rendered":"Foto del Recuerdo"},"content":{"rendered":"<p><img loading=\"lazy\" decoding=\"async\" class=\"alignnone size-medium wp-image-7708\" src=\"https:\/\/laultimapalabra.com.mx\/portal\/wp-content\/uploads\/2019\/05\/foto-del-recuerdo-300x214.jpg\" alt=\"\" width=\"300\" height=\"214\" \/><\/p>\n<p>Foto del a\u00f1o de1971, cuando el Se\u00f1or Am\u00e9rico Montemayor, alcalde de Cadereyta, devel\u00f3 la primer placa de la casa del Cap. Alonso de Le\u00f3n.<br \/>\nEse d\u00eda, se invit\u00f3 al Maestro Don Israel Cavazos Garza como maestro de ceremonias.<\/p>\n<p>Env\u00ede su material fotogr\u00e1fico antiguo al correo: director@laultimapalabra.com.mx o acuda a nuestras oficinas y se las publicaremos con mucho gusto sin costo.<\/p>\n","protected":false},"excerpt":{"rendered":"<p>Foto del a\u00f1o de1971, cuando el Se\u00f1or Am\u00e9rico Montemayor, alcalde de Cadereyta, devel\u00f3 la primer placa de la casa del Cap. Alonso de Le\u00f3n. Ese d\u00eda, se invit\u00f3 al Maestro Don Israel Cavazos Garza como maestro de ceremonias. Env\u00ede su material fotogr\u00e1fico antiguo al correo: director@laultimapalabra.com.mx o acuda a nuestras oficinas y se las publicaremos [&hellip;]<\/p>\n","protected":false},"author":9,"featured_media":7708,"comment_status":"open","ping_status":"closed","sticky":false,"template":"","format":"standard","meta":{"footnotes":""},"categories":[1],"tags":[1380],"class_list":["post-7707","post","type-post","status-publish","format-standard","has-post-thumbnail","hentry","category-noticias","tag-la-foto-del-recuerdo"],"_links":{"self":[{"href":"https:\/\/laultimapalabra.com.mx\/portal\/wp-json\/wp\/v2\/posts\/7707","targetHints":{"allow":["GET"]}}],"collection":[{"href":"https:\/\/laultimapalabra.com.mx\/portal\/wp-json\/wp\/v2\/posts"}],"about":[{"href":"https:\/\/laultimapalabra.com.mx\/portal\/wp-json\/wp\/v2\/types\/post"}],"author":[{"embeddable":true,"href":"https:\/\/laultimapalabra.com.mx\/portal\/wp-json\/wp\/v2\/users\/9"}],"replies":[{"embeddable":true,"href":"https:\/\/laultimapalabra.com.mx\/portal\/wp-json\/wp\/v2\/comments?post=7707"}],"version-history":[{"count":1,"href":"https:\/\/laultimapalabra.com.mx\/portal\/wp-json\/wp\/v2\/posts\/7707\/revisions"}],"predecessor-version":[{"id":67125,"href":"https:\/\/laultimapalabra.com.mx\/portal\/wp-json\/wp\/v2\/posts\/7707\/revisions\/67125"}],"wp:featuredmedia":[{"embeddable":true,"href":"https:\/\/laultimapalabra.com.mx\/portal\/wp-json\/"}],"wp:attachment":[{"href":"https:\/\/laultimapalabra.com.mx\/portal\/wp-json\/wp\/v2\/media?parent=7707"}],"wp:term":[{"taxonomy":"category","embeddable":true,"href":"https:\/\/laultimapalabra.com.mx\/portal\/wp-json\/wp\/v2\/categories?post=7707"},{"taxonomy":"post_tag","embeddable":true,"href":"https:\/\/laultimapalabra.com.mx\/portal\/wp-json\/wp\/v2\/tags?post=7707"}],"curies":[{"name":"wp","href":"https:\/\/api.w.org\/{rel}","templated":true}]}}