                       {"id":7716,"date":"2019-05-03T00:05:59","date_gmt":"2019-05-03T05:05:59","guid":{"rendered":"http:\/\/laultimapalabra.info\/?p=7716"},"modified":"2024-12-11T08:55:41","modified_gmt":"2024-12-11T14:55:41","slug":"lo-hacen-salir-para-asesinarlo","status":"publish","type":"post","link":"https:\/\/laultimapalabra.com.mx\/portal\/lo-hacen-salir-para-asesinarlo\/","title":{"rendered":"Lo hacen salir para asesinarlo"},"content":{"rendered":"<p style=\"text-align: justify;\"><img loading=\"lazy\" decoding=\"async\" class=\"size-medium wp-image-7717 alignright\" src=\"https:\/\/laultimapalabra.com.mx\/portal\/wp-content\/uploads\/2019\/05\/base-300x191.jpg\" alt=\"\" width=\"300\" height=\"191\" \/>*Le gritan por su apodo para acribillarlo afuera de su casa-<\/p>\n<p style=\"text-align: justify;\">CADEREYTA JIM\u00c9NEZ, N.L.-<br \/>\nUn residente de la colonia Las Espigas de este municipio, muri\u00f3 luego de ser atacado a tiros afuera de su casa por unos desconocidos que le llamaron para que saliera.<br \/>\nLos hechos ocurrieron en la calle Talleres de la colonia mencionada, cuando seg\u00fan familiares y vecinos, se escuch\u00f3 el grito afuera de su casa con el apodo de Jos\u00e9 Enrique Vega Sosa, quien contaba con 20 a\u00f1os de edad.<br \/>\n\u201c\u00a1Pitingo!\u201d, se escuch\u00f3 por parte de uno de los desconocidos que llegaron afuera del domicilio a bordo de un auto, y al salir Vega Sosa, se escucharon al menos una decena de detonaciones.<br \/>\nMalherida la v\u00edctima, trat\u00f3 de esconderse en su casa y recibi\u00f3 una herida en una pierna, pero una m\u00e1s entr\u00f3 en su rostro y por ser calibre .40 el arma, fue mortal por necesidad.<br \/>\nHerido de muerte cay\u00f3 pesadamente a un sill\u00f3n, mientras los agresores hu\u00edan, por lo que fueron requeridos los servicios de los param\u00e9dicos, quien a\u00fan con vida lo trasladaron al hospital de Pemex, donde muri\u00f3 instantes despu\u00e9s de ser ingresado.<br \/>\nLa polic\u00eda inici\u00f3 las investigaciones para dar con los responsables, pero no hay muchas pistas del caso, por lo que se interrogan a familiares para saber si el hoy occiso ten\u00eda enemigos mortales.<\/p>\n","protected":false},"excerpt":{"rendered":"<p>*Le gritan por su apodo para acribillarlo afuera de su casa- CADEREYTA JIM\u00c9NEZ, N.L.- Un residente de la colonia Las Espigas de este municipio, muri\u00f3 luego de ser atacado a tiros afuera de su casa por unos desconocidos que le llamaron para que saliera. Los hechos ocurrieron en la calle Talleres de la colonia mencionada, [&hellip;]<\/p>\n","protected":false},"author":9,"featured_media":7717,"comment_status":"open","ping_status":"closed","sticky":false,"template":"","format":"standard","meta":{"footnotes":""},"categories":[17,8,9],"tags":[926],"class_list":["post-7716","post","type-post","status-publish","format-standard","has-post-thumbnail","hentry","category-locales-cadereyta","category-seguridad","category-seguridad-cadereyta","tag-ejecutados-cadereyta"],"_links":{"self":[{"href":"https:\/\/laultimapalabra.com.mx\/portal\/wp-json\/wp\/v2\/posts\/7716","targetHints":{"allow":["GET"]}}],"collection":[{"href":"https:\/\/laultimapalabra.com.mx\/portal\/wp-json\/wp\/v2\/posts"}],"about":[{"href":"https:\/\/laultimapalabra.com.mx\/portal\/wp-json\/wp\/v2\/types\/post"}],"author":[{"embeddable":true,"href":"https:\/\/laultimapalabra.com.mx\/portal\/wp-json\/wp\/v2\/users\/9"}],"replies":[{"embeddable":true,"href":"https:\/\/laultimapalabra.com.mx\/portal\/wp-json\/wp\/v2\/comments?post=7716"}],"version-history":[{"count":1,"href":"https:\/\/laultimapalabra.com.mx\/portal\/wp-json\/wp\/v2\/posts\/7716\/revisions"}],"predecessor-version":[{"id":67131,"href":"https:\/\/laultimapalabra.com.mx\/portal\/wp-json\/wp\/v2\/posts\/7716\/revisions\/67131"}],"wp:featuredmedia":[{"embeddable":true,"href":"https:\/\/laultimapalabra.com.mx\/portal\/wp-json\/"}],"wp:attachment":[{"href":"https:\/\/laultimapalabra.com.mx\/portal\/wp-json\/wp\/v2\/media?parent=7716"}],"wp:term":[{"taxonomy":"category","embeddable":true,"href":"https:\/\/laultimapalabra.com.mx\/portal\/wp-json\/wp\/v2\/categories?post=7716"},{"taxonomy":"post_tag","embeddable":true,"href":"https:\/\/laultimapalabra.com.mx\/portal\/wp-json\/wp\/v2\/tags?post=7716"}],"curies":[{"name":"wp","href":"https:\/\/api.w.org\/{rel}","templated":true}]}}