                       {"id":7757,"date":"2019-05-03T00:25:49","date_gmt":"2019-05-03T05:25:49","guid":{"rendered":"http:\/\/laultimapalabra.info\/?p=7757"},"modified":"2024-12-11T08:55:42","modified_gmt":"2024-12-11T14:55:42","slug":"el-quemador-62","status":"publish","type":"post","link":"https:\/\/laultimapalabra.com.mx\/portal\/el-quemador-62\/","title":{"rendered":"El Quemador"},"content":{"rendered":"<p style=\"text-align: justify;\"><img loading=\"lazy\" decoding=\"async\" class=\"size-medium wp-image-159 alignleft\" src=\"https:\/\/laultimapalabra.com.mx\/portal\/wp-content\/uploads\/2018\/02\/Banner-Caliente-copia-300x171.jpg\" alt=\"\" width=\"300\" height=\"171\" \/>Por: El Repre<\/p>\n<p style=\"text-align: justify;\">GRAN FESTEJO<br \/>\nIniciamos esta columneja platic\u00e1ndoles un poco del gran festejo del D\u00eda del ni\u00f1o que se llev\u00f3 a cabo el pasado lunes en las instalaciones del Serapio Venegas\u2026nos dicen que la Secci\u00f3n encabezada por Rafael Faly Ortu\u00f1o ech\u00f3 la casa por la ventana realizando un magnifico evento para todos los chiquitines petroleros\u2026s\u00edganle!!<br \/>\nDE DIEZ<br \/>\nLa verdad que S\u00faper Faly Ortu\u00f1o y su equipo de trabajo se sacaron un 10 en la organizaci\u00f3n de este evento\u2026y es que hubo muchas actividades para los ni\u00f1os, como el show de los Patrullas de Cachorros que estuvo muy bien caracterizado con personajes animados y hasta luchadores profesionales hubo\u2026definitivamente lo que se llev\u00f3 la noche fueron los inflables y el bungee infantil\u2026y por supuesto no pod\u00edan faltar una exquisita merienda y las bolsitas de dulces\u2026de lo lindo se la pasaron los ni\u00f1os en su d\u00eda!!<br \/>\nESCUELAS<br \/>\nCabe se\u00f1alar que el D\u00eda del ni\u00f1o no solo se festej\u00f3 para los ni\u00f1os de la Secci\u00f3n 49 si no que ahora se llev\u00f3 a diversas escuelas como en Jardines de Cadereyta y en el Ejido el Castillo donde personalmente Faly Ortu\u00f1o y la Red de J\u00f3venes Petroleros llevaron un poco de alegr\u00eda y diversi\u00f3n para todos los chiquitines de esas comunidades\u2026sin duda alguna un gran gesto de s\u00faper Faly Ortu\u00f1o al realizar este tipo de eventos llevando alegr\u00edas a quien m\u00e1s lo necesite!!<br \/>\nJ\u00d3VENES PETROLEROS<br \/>\nY s\u00ed, menci\u00f3n aparte merecen los chavos petroleros de distintos departamentos y algunos hijos de compitas petroleros que forman parte de la Red de J\u00f3venes Petroleros que dicho sea de paso es una Asociaci\u00f3n Civil debidamente constituida y qu\u00e9 siempre apoya en la organizaci\u00f3n de estos eventos de forma altruista\u2026bien por los chavos que son liderados por Marco Garc\u00eda Carrasco!!<br \/>\nVISITA<br \/>\nPasando a otras cosas mucha actividad y hasta alboroto se ha armado en la refi por la visita de nuestro Presidente Andr\u00e9s Manuel L\u00f3pez Obrador, quien parece que ahora s\u00ed viene, ya ven que hace un mes lo esperaban y nada que vino\u2026pues si es que llega a venir que sea bienvenido el se\u00f1or Presidente!!<br \/>\nESTRATEGIA<br \/>\nY lo m\u00e1s seguro es que sea por estrategia, pero no van a creer que hasta el d\u00eda de ayer no se sab\u00eda la hora y el lugar donde el Presidente dar\u00eda su discurso\u2026pues ya se dec\u00eda que en la planta Catal\u00edtica I, que en la ULSG y que hasta en las Hidros\u2026capaz que el peje se baja de su camioneta y ah\u00ed mismo se avienta el discurso\u2026si ya lo conocen pa\u2019 que se preocupan por la log\u00edstica!!<br \/>\nVIENE<br \/>\nLo que s\u00ed se sabe es que AMLO viene a revisar la operaci\u00f3n de la refi y que vendr\u00eda acompa\u00f1ado por Roc\u00edo Nahle Secretaria de Energ\u00eda y por Octavio Romero Director de Pemex\u2026hace d\u00edas el Presidente anuncio un plan de mejora para nuestra refi y la inversi\u00f3n de 5,000 millones de pesos\u2026ojala que el Presi ya suelte ese billete que tanta falta nos hace para tener una mejor refi y sobre todo auge de trabajo!!<br \/>\nTIEMPO EXTRA<br \/>\nY de Ventas nos cuentan que la que sigue sin pagar el tiempo extra es la Marichela\u2026 todos est\u00e1n bien enojados porque pagan nada m\u00e1s 300 pesos y ella ni sabe a qu\u00e9 corresponde el pago\u2026y como la que le traduce todo y le saca el jale es la Mimosa\u2026dice la Mari que no se mete con nadie y que a todos trata bien, pero ese es el problema, todo lo hace la Mimosa!!<br \/>\nGASOLINA<br \/>\nEn vez de estar preocupada por realizarles el pago del tiempo extra a los compitas, anda amenazando a los trabajadores que se van a quedar sin cobrar la gasolina por no presentar papeles de su carro\u2026siendo que en ning\u00fan lado est\u00e1n pidiendo papeles, pero la Marichela se preocupa por cosas sin importancia, en vez de pagarles tiempo extra!!<br \/>\nCUBANO MOCHES<br \/>\nNos lleg\u00f3 correo de que ya no aguantan al cubano moches, pues hasta a su familia le pide moche pa\u2019 tenerlos trabajando\u2026a todo mundo le pide regalos o dinero y no se diga a los pobres transportistas a los cuales sangra hasta el cansancio\u2026que se ponga las pilas y que trate bien a todos, que no se le olvide que solo gano la elecci\u00f3n por un voto, o sea tiene a medio escalaf\u00f3n en contra\u2026esta empinado el cubano!!&#8230;Arrivederchi!<\/p>\n","protected":false},"excerpt":{"rendered":"<p>Por: El Repre GRAN FESTEJO Iniciamos esta columneja platic\u00e1ndoles un poco del gran festejo del D\u00eda del ni\u00f1o que se llev\u00f3 a cabo el pasado lunes en las instalaciones del Serapio Venegas\u2026nos dicen que la Secci\u00f3n encabezada por Rafael Faly Ortu\u00f1o ech\u00f3 la casa por la ventana realizando un magnifico evento para todos los chiquitines [&hellip;]<\/p>\n","protected":false},"author":9,"featured_media":159,"comment_status":"open","ping_status":"closed","sticky":false,"template":"","format":"standard","meta":{"footnotes":""},"categories":[1],"tags":[944],"class_list":["post-7757","post","type-post","status-publish","format-standard","has-post-thumbnail","hentry","category-noticias","tag-el-repre-el-quemador"],"_links":{"self":[{"href":"https:\/\/laultimapalabra.com.mx\/portal\/wp-json\/wp\/v2\/posts\/7757","targetHints":{"allow":["GET"]}}],"collection":[{"href":"https:\/\/laultimapalabra.com.mx\/portal\/wp-json\/wp\/v2\/posts"}],"about":[{"href":"https:\/\/laultimapalabra.com.mx\/portal\/wp-json\/wp\/v2\/types\/post"}],"author":[{"embeddable":true,"href":"https:\/\/laultimapalabra.com.mx\/portal\/wp-json\/wp\/v2\/users\/9"}],"replies":[{"embeddable":true,"href":"https:\/\/laultimapalabra.com.mx\/portal\/wp-json\/wp\/v2\/comments?post=7757"}],"version-history":[{"count":1,"href":"https:\/\/laultimapalabra.com.mx\/portal\/wp-json\/wp\/v2\/posts\/7757\/revisions"}],"predecessor-version":[{"id":67153,"href":"https:\/\/laultimapalabra.com.mx\/portal\/wp-json\/wp\/v2\/posts\/7757\/revisions\/67153"}],"wp:featuredmedia":[{"embeddable":true,"href":"https:\/\/laultimapalabra.com.mx\/portal\/wp-json\/"}],"wp:attachment":[{"href":"https:\/\/laultimapalabra.com.mx\/portal\/wp-json\/wp\/v2\/media?parent=7757"}],"wp:term":[{"taxonomy":"category","embeddable":true,"href":"https:\/\/laultimapalabra.com.mx\/portal\/wp-json\/wp\/v2\/categories?post=7757"},{"taxonomy":"post_tag","embeddable":true,"href":"https:\/\/laultimapalabra.com.mx\/portal\/wp-json\/wp\/v2\/tags?post=7757"}],"curies":[{"name":"wp","href":"https:\/\/api.w.org\/{rel}","templated":true}]}}