                       {"id":7759,"date":"2019-05-03T00:26:15","date_gmt":"2019-05-03T05:26:15","guid":{"rendered":"http:\/\/laultimapalabra.info\/?p=7759"},"modified":"2024-12-11T08:55:42","modified_gmt":"2024-12-11T14:55:42","slug":"la-guarida-del-mapache-60","status":"publish","type":"post","link":"https:\/\/laultimapalabra.com.mx\/portal\/la-guarida-del-mapache-60\/","title":{"rendered":"La Guarida del Mapache"},"content":{"rendered":"<p><img loading=\"lazy\" decoding=\"async\" class=\"size-medium wp-image-155 alignleft\" src=\"https:\/\/laultimapalabra.com.mx\/portal\/wp-content\/uploads\/2018\/02\/mapache-300x282.jpeg\" alt=\"\" width=\"300\" height=\"282\" \/>Por: El Mapache<\/p>\n<p style=\"text-align: justify;\">\u00bfQu\u00e9 onda raza? \u00bfC\u00f3mo les ha ido con tanto asueto y calor? Pues a m\u00ed la verdad bastante bien compis con tanta hidrataci\u00f3n por todos lados jejeje pero pues comencemos con esta su columneja favorita y alguna que otra cosilla que pas\u00f3 en estos d\u00edas.<br \/>\nEN EL HILO<br \/>\nY pues vay\u00e1monos directo y sin escalas ahora con la \u201crugi Jr\u201d o lo que es lo mismo con la #ladyDEMAND\u00c9 jejejeje que como se acordaran pidi\u00f3 licencia, la cual todos hemos supuesto que fue para agarrar otro hueso, perd\u00f3n!! Jeje otro puesto en una Secretar\u00eda de $$, y pues total el engrudo se le est\u00e1 haciendo bolas\u2026<br \/>\nFIGURA<br \/>\nY esto debido a que su puesto es seg\u00fan de elecci\u00f3n popular, al cual no puede renunciar y su \u201clicencia\u201d no tiene fecha definida, cosa que deber\u00e1 corregir en la pr\u00f3xima Junta de Cabildo para que pueda agarrar el \u201chueso\u201d, digo el puesto jejejeje porque ni modo raza que mandemos a la \u201cChelito\u201d a su penthouse a bordar jejeje, ella ya le agarr\u00f3 sabor a la quincena y no hay que ser gachos de andar ilusionando a la gente as\u00ed nomas jeje.<br \/>\nEVENTOS<br \/>\nY pues sin duda raza cada vez estamos viendo que el Gobierno Municipal interviene en mas eventos y aunque esto deber\u00eda ser bueno, pues a veces las cosas no salen como quisi\u00e9ramos, lo cierto es que cuando esto pasa debemos ser mesurados en lo que decimos o hacemos para evitar hacernos de una mala imagen sin motivos suficientes, ya que los que somos figuras publicas aunque digamos que no nos importa el qu\u00e9 dir\u00e1 de la raza, pues no podemos negar que si nos afecta y si dependemos de ello.<br \/>\nBOXEO<br \/>\nY el rollo que les digo es precisamente por la funci\u00f3n de boxeo del pasado domingo, donde ya la raza con algunos alcoholes de m\u00e1s en la sangre, perdi\u00f3 el miedo y la verg\u00fcenza y comenzaron abuchear a mi compi \u201cBigotes\u201d Quintanilla, quien en opini\u00f3n personal compis debe tener cierta tolerancia en ese tipo de situaciones, sobre todo despu\u00e9s de que solito decidi\u00f3 volverse una figura p\u00fablica, porque ah\u00ed s\u00ed que nadie lo oblig\u00f3.<br \/>\nCAMPAL<br \/>\nTotal que ya entre la rechifla se hizo la batalla campal en las butacas de los que estaban contra el \u201cBigotes\u201d y los que lo defend\u00edan, obviamente cada bando tiene sus buenas y respetables razones para tal o cual cosa.<br \/>\nMALA ACTUACION<br \/>\nEl hecho es que los compis de \u201cPrensa2\u201d no tuvieron un muy buen comportamiento que digamos raza, y aunque se comprende que su chamba y forma de ganarse la chuleta es protegiendo al \u201cBigotes\u201d Quintanilla, pues para esto tambi\u00e9n hay formas.<br \/>\nAMENAZANTES<br \/>\nY la que ellos utilizaron desde el punto de vista de aqu\u00ed su servilleta no fue el mejor ni el que mejor parado dejaba a su patr\u00f3n, ya que de forma amenazante empezaron a tomar foto y video de los \u201cabucheadores\u201d por as\u00ed llamarlos jejeje como diciendo \u201cya te vimos y sabemos qui\u00e9n eres\u201d.<br \/>\nCAMPA\u00d1A<br \/>\nLo que estos cuates no deben olvidar es que ya son la \u201ccara\u201d del gobierno municipal, y que ya no est\u00e1n en campa\u00f1a, que no tiene por qu\u00e9 portarse como porros amenazantes y agresivos, eso ya pas\u00f3, la \u201cchuleta\u201d ya se la ganaron desde que les dieron jale, ahora deben cuidar la imagen de su patr\u00f3n.<br \/>\nDE POR SI<br \/>\nLa cual hay que ser honestos, no es la mejor de todos los tiempos \u00bfeh? porque el \u201cBigotes\u201d Quintanilla por cuestiones de lana, no ha podido cumplirle a la gente y toda la raza lo sabe, as\u00ed que recuerden que: \u201cLa voz del pueblo no se calla con un flash\u201d.<br \/>\nRESPONSABILIDAD<br \/>\nY otro punto a tomar en cuenta compis es que la raza andaba alcoholizada, cosa que hasta el Gobierno Municipal incita desde el momento en que en domingo en ese lugar y en eventos aprobados por Cabildo por ejemplo las corridas de Toros, permiten la extensi\u00f3n del horario de la venta de las bebidas embriagantes, as\u00ed como lo leen, nadie puede vender despu\u00e9s de las 6pm pero los eventos autorizados por Cabildo si, as\u00ed que pues en la penitencia est\u00e1 el pecado.<br \/>\nFESTIVAL<br \/>\nY hablando de la Plaza de Toros y aunque en esta ocasi\u00f3n no habr\u00e1 cheve de por medio para evitarnos los abucheos, jejeje no es cierto!! No se les vaya a olvidar que el domingo el \u201cBigotes\u201d Quintanilla festejar\u00e1 a los reyes y reinas de la casa, obviamente a los chilpayates y a las mamacitas, as\u00ed que si no tiene nada mejor que hacer ah\u00ed los espero, porque pa\u2019l chisme el eventuco va a estar bueno \u00bfeh?<br \/>\nMANTELES LARGOS<br \/>\nEste mes es de pura party raza as\u00ed que tenemos que disfrutarlo, recuerden que viene el D\u00eda de la Madre (que festejan todos los que tienen y hasta los que no tenemos), el D\u00eda del Maestro, del estudiante, etc, etc pero hoy nos visita mi amigo, mi compa, casi mi hermano raza, si se\u00f1or!! El PEJE querido de Cadiz jejeje y viene a decirnos cu\u00e1nto \u201cbiyuyo\u201d nos tocar\u00e1 en nuestra hermosa \u201cRefi\u201d y acu\u00e9rdense que todo eso se transformar\u00e1 en beneficios para todos raza, as\u00ed que los dejo porque parte de la Guardia Presidencial me est\u00e1 esperando pa\u00b4 irme a echar unos cuajos con esta ca\u2026 jejeje<br \/>\nRAYADOS<br \/>\nBueno, se me estaba olvidando felicitar a mi Patr\u00f3n, sus Rayados le ganaron a los Tigres un Campeonato internacional y dice que van por la Liga, as\u00ed que anda que no cabe de contento\u2026la vemos.<\/p>\n","protected":false},"excerpt":{"rendered":"<p>Por: El Mapache \u00bfQu\u00e9 onda raza? \u00bfC\u00f3mo les ha ido con tanto asueto y calor? Pues a m\u00ed la verdad bastante bien compis con tanta hidrataci\u00f3n por todos lados jejeje pero pues comencemos con esta su columneja favorita y alguna que otra cosilla que pas\u00f3 en estos d\u00edas. EN EL HILO Y pues vay\u00e1monos directo [&hellip;]<\/p>\n","protected":false},"author":9,"featured_media":155,"comment_status":"open","ping_status":"closed","sticky":false,"template":"","format":"standard","meta":{"footnotes":""},"categories":[1],"tags":[939,940],"class_list":["post-7759","post","type-post","status-publish","format-standard","has-post-thumbnail","hentry","category-noticias","tag-el-mapache","tag-el-mapache-la-guarida-del-mapache"],"_links":{"self":[{"href":"https:\/\/laultimapalabra.com.mx\/portal\/wp-json\/wp\/v2\/posts\/7759","targetHints":{"allow":["GET"]}}],"collection":[{"href":"https:\/\/laultimapalabra.com.mx\/portal\/wp-json\/wp\/v2\/posts"}],"about":[{"href":"https:\/\/laultimapalabra.com.mx\/portal\/wp-json\/wp\/v2\/types\/post"}],"author":[{"embeddable":true,"href":"https:\/\/laultimapalabra.com.mx\/portal\/wp-json\/wp\/v2\/users\/9"}],"replies":[{"embeddable":true,"href":"https:\/\/laultimapalabra.com.mx\/portal\/wp-json\/wp\/v2\/comments?post=7759"}],"version-history":[{"count":1,"href":"https:\/\/laultimapalabra.com.mx\/portal\/wp-json\/wp\/v2\/posts\/7759\/revisions"}],"predecessor-version":[{"id":67155,"href":"https:\/\/laultimapalabra.com.mx\/portal\/wp-json\/wp\/v2\/posts\/7759\/revisions\/67155"}],"wp:featuredmedia":[{"embeddable":true,"href":"https:\/\/laultimapalabra.com.mx\/portal\/wp-json\/"}],"wp:attachment":[{"href":"https:\/\/laultimapalabra.com.mx\/portal\/wp-json\/wp\/v2\/media?parent=7759"}],"wp:term":[{"taxonomy":"category","embeddable":true,"href":"https:\/\/laultimapalabra.com.mx\/portal\/wp-json\/wp\/v2\/categories?post=7759"},{"taxonomy":"post_tag","embeddable":true,"href":"https:\/\/laultimapalabra.com.mx\/portal\/wp-json\/wp\/v2\/tags?post=7759"}],"curies":[{"name":"wp","href":"https:\/\/api.w.org\/{rel}","templated":true}]}}