                       {"id":7826,"date":"2019-05-08T09:30:59","date_gmt":"2019-05-08T14:30:59","guid":{"rendered":"http:\/\/laultimapalabra.info\/?p=7826"},"modified":"2024-12-11T08:55:43","modified_gmt":"2024-12-11T14:55:43","slug":"hombres-armados-atacan-una-casa-en-jardines-de-cadereyta","status":"publish","type":"post","link":"https:\/\/laultimapalabra.com.mx\/portal\/hombres-armados-atacan-una-casa-en-jardines-de-cadereyta\/","title":{"rendered":"Hombres armados atacan una casa en Jardines de Cadereyta"},"content":{"rendered":"<blockquote><p><img loading=\"lazy\" decoding=\"async\" class=\"size-medium wp-image-7827 alignleft\" src=\"https:\/\/laultimapalabra.com.mx\/portal\/wp-content\/uploads\/2019\/05\/Screenshot_20190508-073155_Samsung-Internet-300x248.jpg\" alt=\"\" width=\"300\" height=\"248\" \/>Fuentes revelaron que no se reportaron personas lesionadas.<\/p><\/blockquote>\n<p>CADEREYTA.- Una casa habitaci\u00f3n fue el blanco de hombres armados, quienes disparraon contra la propiedad, en el municipio de Cadereyta.<br \/>\nEl incidente ocurri\u00f3 en la calle Azafr\u00e1n a la altura de la escuela primaria Ricardo Covarrubias Chac\u00f3n, en la colonia Jardines de Cadereyta.<br \/>\nHombres armados dispararon contra el domicilio, en el cual por fortuna no se reportaron personas lesionadas.<\/p>\n<p>Fuente: Multimedios<\/p>\n","protected":false},"excerpt":{"rendered":"<p>Fuentes revelaron que no se reportaron personas lesionadas. CADEREYTA.- Una casa habitaci\u00f3n fue el blanco de hombres armados, quienes disparraon contra la propiedad, en el municipio de Cadereyta. El incidente ocurri\u00f3 en la calle Azafr\u00e1n a la altura de la escuela primaria Ricardo Covarrubias Chac\u00f3n, en la colonia Jardines de Cadereyta. Hombres armados dispararon contra [&hellip;]<\/p>\n","protected":false},"author":9,"featured_media":7827,"comment_status":"open","ping_status":"closed","sticky":false,"template":"","format":"standard","meta":{"footnotes":""},"categories":[17,8,9],"tags":[213,1320],"class_list":["post-7826","post","type-post","status-publish","format-standard","has-post-thumbnail","hentry","category-locales-cadereyta","category-seguridad","category-seguridad-cadereyta","tag-atentados-cadereyta","tag-jardines-de-cadereyta"],"_links":{"self":[{"href":"https:\/\/laultimapalabra.com.mx\/portal\/wp-json\/wp\/v2\/posts\/7826","targetHints":{"allow":["GET"]}}],"collection":[{"href":"https:\/\/laultimapalabra.com.mx\/portal\/wp-json\/wp\/v2\/posts"}],"about":[{"href":"https:\/\/laultimapalabra.com.mx\/portal\/wp-json\/wp\/v2\/types\/post"}],"author":[{"embeddable":true,"href":"https:\/\/laultimapalabra.com.mx\/portal\/wp-json\/wp\/v2\/users\/9"}],"replies":[{"embeddable":true,"href":"https:\/\/laultimapalabra.com.mx\/portal\/wp-json\/wp\/v2\/comments?post=7826"}],"version-history":[{"count":1,"href":"https:\/\/laultimapalabra.com.mx\/portal\/wp-json\/wp\/v2\/posts\/7826\/revisions"}],"predecessor-version":[{"id":67193,"href":"https:\/\/laultimapalabra.com.mx\/portal\/wp-json\/wp\/v2\/posts\/7826\/revisions\/67193"}],"wp:featuredmedia":[{"embeddable":true,"href":"https:\/\/laultimapalabra.com.mx\/portal\/wp-json\/"}],"wp:attachment":[{"href":"https:\/\/laultimapalabra.com.mx\/portal\/wp-json\/wp\/v2\/media?parent=7826"}],"wp:term":[{"taxonomy":"category","embeddable":true,"href":"https:\/\/laultimapalabra.com.mx\/portal\/wp-json\/wp\/v2\/categories?post=7826"},{"taxonomy":"post_tag","embeddable":true,"href":"https:\/\/laultimapalabra.com.mx\/portal\/wp-json\/wp\/v2\/tags?post=7826"}],"curies":[{"name":"wp","href":"https:\/\/api.w.org\/{rel}","templated":true}]}}