                       {"id":7860,"date":"2019-05-09T21:30:54","date_gmt":"2019-05-10T02:30:54","guid":{"rendered":"http:\/\/laultimapalabra.info\/?p=7860"},"modified":"2024-12-11T08:55:44","modified_gmt":"2024-12-11T14:55:44","slug":"como-nacio-el-dia-de-las-madres","status":"publish","type":"post","link":"https:\/\/laultimapalabra.com.mx\/portal\/como-nacio-el-dia-de-las-madres\/","title":{"rendered":"\u00bfComo naci\u00f3 el D\u00eda de las Madres?"},"content":{"rendered":"<p style=\"text-align: justify;\"><img loading=\"lazy\" decoding=\"async\" class=\"size-medium wp-image-7862 alignleft\" src=\"https:\/\/laultimapalabra.com.mx\/portal\/wp-content\/uploads\/2019\/05\/10600e2b7d6c7b49a8b9bb00d483ea33-210x300.jpg\" alt=\"\" width=\"210\" height=\"300\" \/>Por: Dr. Jos\u00e9 Ascenci\u00f3n Tijerina Flores<\/p>\n<p style=\"text-align: justify;\">Una de las fechas m\u00e1s celebradas en M\u00e9xico yen algunos otros pa\u00edses del mundo, es sin lugara dudas: el D\u00eda de las Madres, pero, \u00bfConoce usted su origen?, \u00bfCu\u00e1ndo se inici\u00f3 su celebraci\u00f3n en nuestro pa\u00eds?, pues bien, se dice que Anna Jarvis originaria de Grafton, West Virginia, una ciudadana norteamericana de 41 a\u00f1os que para recordar a su madre que hab\u00eda muerto un 9 de mayo de 1905 y apoyada por un grupo de damas, propuso al Congreso Americano se dedicara ese d\u00eda para honrar a las madres, esa propuesta fue bien recibida pero se acept\u00f3 hasta 1908 acord\u00e1ndose entregar un clavel rojo a las damas madres de ese lugar por ser el s\u00edmbolo m\u00e1s representativo para<br \/>\nesa fecha.<br \/>\nSin embargo, se sab\u00eda que desde tiempos inmemoriales ya se les rend\u00eda honor a las madres y al Dios Zeus; como tambi\u00e9n hab\u00eda el d\u00eda de la Madre-Tierra (matter-terra).<br \/>\nEn M\u00e9xico, hay informes de que para 1910 ya se festejaba en algunas ciudades ese d\u00eda, pero para 1914 ya era reconocida como fecha costumbrista.<br \/>\nFue hasta 1922 cuando Rafael Alduc\u00edn, director del Peri\u00f3dico Exc\u00e9lsior de M\u00e9xico, logr\u00f3 unificar criterios para que fuera el 10 de mayo la fecha<br \/>\noficial para festejar a todas las madrecitas.<br \/>\nAlduc\u00edn seleccion\u00f3 entre su personal a una se\u00f1ora que tuviera un ni\u00f1o peque\u00f1o, siendo la Sra. Mar\u00eda de la Luz Rivas Gonz\u00e1lez quien era recepcionista y telefonista de esa empresa (cosa rara para ese<br \/>\ntiempo).<br \/>\nQuiz\u00e1 por eso fue seleccionada as\u00ed lo coment\u00f3 Carlos Rom\u00e1n Rivas quien era su esposo, como tambi\u00e9n Ram\u00f3n Uribe que vivi\u00f3 en la<br \/>\nColonia Molinas del Rey, agregando que su padre recibi\u00f3 reconocimientos por ser el primer ni\u00f1o que festej\u00f3 a la mam\u00e1, ellos marcaron la fecha del<br \/>\nfestejo por que el d\u00eda d\u00e9cimo se recib\u00eda el pago remunerativo por el trabajo.<br \/>\nEn Monterrey se acostumbraba a celebrar conserenatas toda la noche (as\u00ed lo viv\u00ed) y a\u00fan al amanecer para luego saborear un rico menudo y de all\u00ed acompa\u00f1ar a la autora de nuestros d\u00edas en reuni\u00f3n hogare\u00f1a.<br \/>\nEn Cadereyta siendo apenas un adolescente, con gran nostalgia recordamos a Don Juventino Cant\u00fa y a Don Arsenio su hermano, quienes por la calle<br \/>\nde Gonzalitos sub\u00edan un piano a una camioneta para recorrer el pueblo entonando bellas melod\u00edas ejemplo: Amor de Madre, Recuerdo, Morir por tu<br \/>\nAmor, Julia y tanta otras obras musicales que aun a la fecha est\u00e1n vigentes en esa y otras celebraciones importantes.<br \/>\nTiempo despu\u00e9s \u201cpicados\u201d por el gusanillo de la m\u00fasica logramos integrar un tr\u00edo rom\u00e1ntico (el primero en Cadereyta) conformado por Hern\u00e1n<br \/>\nRodr\u00edguez de Le\u00f3n, Miguel Cavazos y un Servidor que continuamos con aquella hermosa tradici\u00f3n que dur\u00f3 un buen n\u00famero de a\u00f1os en esta ciudad<br \/>\ny que continuamos en la ciudad de Monterrey Nuevo Le\u00f3n durante nuestra \u00e9poca estudiantil y algunos a\u00f1os ya titulados.<br \/>\nUn gran n\u00famero de grupos musicales acostumbraban la serenata a la Guadalupana y de all\u00ed continuaban a los domicilios dondeeran contratados; recordamos a Don Nicandro Dom\u00ednguez (gran trovador), Lucio Chapa,<br \/>\nEfr\u00e9n Montalvo, Agust\u00edn Leal, Nicol\u00e1s Leal y muchos otros buenos int\u00e9rpretes que resultaban indispensables para cantar a las madrecitas.<br \/>\nLas tarjetas \u201cescarchadas\u201d con versos, los ni\u00f1os en la escuela con un clavel rojo si la madre estaba viva, o blanco si ya era finada, en fin, tantos recuerdos,<br \/>\npero\u2026<br \/>\n\u00bfPor qu\u00e9 no festejarlas a diario? Al fin que somos lo que somos gracias a Ellas.<br \/>\nPor eso y otras cosas m\u00e1s\u2026 MADRE\u2026\u2026\u2026\u2026.<br \/>\nBendita Seas.<\/p>\n","protected":false},"excerpt":{"rendered":"<p>Por: Dr. Jos\u00e9 Ascenci\u00f3n Tijerina Flores Una de las fechas m\u00e1s celebradas en M\u00e9xico yen algunos otros pa\u00edses del mundo, es sin lugara dudas: el D\u00eda de las Madres, pero, \u00bfConoce usted su origen?, \u00bfCu\u00e1ndo se inici\u00f3 su celebraci\u00f3n en nuestro pa\u00eds?, pues bien, se dice que Anna Jarvis originaria de Grafton, West Virginia, una [&hellip;]<\/p>\n","protected":false},"author":9,"featured_media":7863,"comment_status":"open","ping_status":"closed","sticky":false,"template":"","format":"standard","meta":{"footnotes":""},"categories":[1],"tags":[879],"class_list":["post-7860","post","type-post","status-publish","format-standard","has-post-thumbnail","hentry","category-noticias","tag-dr-jose-ascencion-tijerina-flores"],"_links":{"self":[{"href":"https:\/\/laultimapalabra.com.mx\/portal\/wp-json\/wp\/v2\/posts\/7860","targetHints":{"allow":["GET"]}}],"collection":[{"href":"https:\/\/laultimapalabra.com.mx\/portal\/wp-json\/wp\/v2\/posts"}],"about":[{"href":"https:\/\/laultimapalabra.com.mx\/portal\/wp-json\/wp\/v2\/types\/post"}],"author":[{"embeddable":true,"href":"https:\/\/laultimapalabra.com.mx\/portal\/wp-json\/wp\/v2\/users\/9"}],"replies":[{"embeddable":true,"href":"https:\/\/laultimapalabra.com.mx\/portal\/wp-json\/wp\/v2\/comments?post=7860"}],"version-history":[{"count":1,"href":"https:\/\/laultimapalabra.com.mx\/portal\/wp-json\/wp\/v2\/posts\/7860\/revisions"}],"predecessor-version":[{"id":67209,"href":"https:\/\/laultimapalabra.com.mx\/portal\/wp-json\/wp\/v2\/posts\/7860\/revisions\/67209"}],"wp:featuredmedia":[{"embeddable":true,"href":"https:\/\/laultimapalabra.com.mx\/portal\/wp-json\/"}],"wp:attachment":[{"href":"https:\/\/laultimapalabra.com.mx\/portal\/wp-json\/wp\/v2\/media?parent=7860"}],"wp:term":[{"taxonomy":"category","embeddable":true,"href":"https:\/\/laultimapalabra.com.mx\/portal\/wp-json\/wp\/v2\/categories?post=7860"},{"taxonomy":"post_tag","embeddable":true,"href":"https:\/\/laultimapalabra.com.mx\/portal\/wp-json\/wp\/v2\/tags?post=7860"}],"curies":[{"name":"wp","href":"https:\/\/api.w.org\/{rel}","templated":true}]}}