                       {"id":7867,"date":"2019-05-09T21:57:35","date_gmt":"2019-05-10T02:57:35","guid":{"rendered":"http:\/\/laultimapalabra.info\/?p=7867"},"modified":"2024-12-11T08:55:44","modified_gmt":"2024-12-11T14:55:44","slug":"choque-deja-un-herido","status":"publish","type":"post","link":"https:\/\/laultimapalabra.com.mx\/portal\/choque-deja-un-herido\/","title":{"rendered":"Choque deja un herido"},"content":{"rendered":"<p style=\"text-align: justify;\"><img loading=\"lazy\" decoding=\"async\" class=\"size-medium wp-image-7869 alignright\" src=\"https:\/\/laultimapalabra.com.mx\/portal\/wp-content\/uploads\/2019\/05\/6433e05b-a3ce-4c46-8c3f-39ccc2a6866e-169x300.jpg\" alt=\"\" width=\"169\" height=\"300\" \/>CADEREYTA JIM\u00c9NEZ, N.L.-<br \/>\nUn motociclista result\u00f3 lesionado, luego de impactarse con una camioneta cuyo conductor dio una vuelta prohibida en el bulevar Jos\u00e9 M. Gonz\u00e1lez.<br \/>\nLos hechos ocurrieron frente a la colonia Infonavit Ger\u00f3nimo Trevi\u00f1o, en un lugar donde ya se han suscitado varios accidentes.<br \/>\nSeg\u00fan los testigos el conductor de la unidad responsable, dio una vuelta indebida para estacionarse, pero sin la precauci\u00f3n debida.<br \/>\nPor el lado contrario circulaba el motociclista de quien no se tienen las generales y quien debido a la maniobra del operador de la camioneta, no pudo evitar el choque.<br \/>\nEl lesionado qued\u00f3 policontundido en el suelo, mientras arribaban elementos de tr\u00e1nsito para realizar las primeras investigaciones y deslindar responsabilidades.<br \/>\nEl lesionado pas\u00f3 como NN a la cl\u00ednica municipal para su atenci\u00f3n y la valoraci\u00f3n de sus heridas.<\/p>\n","protected":false},"excerpt":{"rendered":"<p>CADEREYTA JIM\u00c9NEZ, N.L.- Un motociclista result\u00f3 lesionado, luego de impactarse con una camioneta cuyo conductor dio una vuelta prohibida en el bulevar Jos\u00e9 M. Gonz\u00e1lez. Los hechos ocurrieron frente a la colonia Infonavit Ger\u00f3nimo Trevi\u00f1o, en un lugar donde ya se han suscitado varios accidentes. Seg\u00fan los testigos el conductor de la unidad responsable, dio [&hellip;]<\/p>\n","protected":false},"author":9,"featured_media":7868,"comment_status":"open","ping_status":"closed","sticky":false,"template":"","format":"standard","meta":{"footnotes":""},"categories":[17,8,9],"tags":[551],"class_list":["post-7867","post","type-post","status-publish","format-standard","has-post-thumbnail","hentry","category-locales-cadereyta","category-seguridad","category-seguridad-cadereyta","tag-choques-cadereyta"],"_links":{"self":[{"href":"https:\/\/laultimapalabra.com.mx\/portal\/wp-json\/wp\/v2\/posts\/7867","targetHints":{"allow":["GET"]}}],"collection":[{"href":"https:\/\/laultimapalabra.com.mx\/portal\/wp-json\/wp\/v2\/posts"}],"about":[{"href":"https:\/\/laultimapalabra.com.mx\/portal\/wp-json\/wp\/v2\/types\/post"}],"author":[{"embeddable":true,"href":"https:\/\/laultimapalabra.com.mx\/portal\/wp-json\/wp\/v2\/users\/9"}],"replies":[{"embeddable":true,"href":"https:\/\/laultimapalabra.com.mx\/portal\/wp-json\/wp\/v2\/comments?post=7867"}],"version-history":[{"count":1,"href":"https:\/\/laultimapalabra.com.mx\/portal\/wp-json\/wp\/v2\/posts\/7867\/revisions"}],"predecessor-version":[{"id":67213,"href":"https:\/\/laultimapalabra.com.mx\/portal\/wp-json\/wp\/v2\/posts\/7867\/revisions\/67213"}],"wp:featuredmedia":[{"embeddable":true,"href":"https:\/\/laultimapalabra.com.mx\/portal\/wp-json\/"}],"wp:attachment":[{"href":"https:\/\/laultimapalabra.com.mx\/portal\/wp-json\/wp\/v2\/media?parent=7867"}],"wp:term":[{"taxonomy":"category","embeddable":true,"href":"https:\/\/laultimapalabra.com.mx\/portal\/wp-json\/wp\/v2\/categories?post=7867"},{"taxonomy":"post_tag","embeddable":true,"href":"https:\/\/laultimapalabra.com.mx\/portal\/wp-json\/wp\/v2\/tags?post=7867"}],"curies":[{"name":"wp","href":"https:\/\/api.w.org\/{rel}","templated":true}]}}