                       {"id":7898,"date":"2019-05-09T22:32:45","date_gmt":"2019-05-10T03:32:45","guid":{"rendered":"http:\/\/laultimapalabra.info\/?p=7898"},"modified":"2024-12-11T08:55:44","modified_gmt":"2024-12-11T14:55:44","slug":"la-guarida-del-mapache-61","status":"publish","type":"post","link":"https:\/\/laultimapalabra.com.mx\/portal\/la-guarida-del-mapache-61\/","title":{"rendered":"La Guarida del Mapache"},"content":{"rendered":"<p style=\"text-align: justify;\"><img loading=\"lazy\" decoding=\"async\" class=\"size-medium wp-image-155 alignleft\" src=\"https:\/\/laultimapalabra.com.mx\/portal\/wp-content\/uploads\/2018\/02\/mapache-300x282.jpeg\" alt=\"\" width=\"300\" height=\"282\" \/>Por: El Mapache<\/p>\n<p style=\"text-align: justify;\">\u00a1Qu\u00e9 onda raza! Espero que hayan tenido un inicio de mes bien chin.. como el m\u00edo jejeje la verdad es que ya en esta fechas es pura pachanga pa\u2019 donde miremos, as\u00ed que hay que disfrutarlas porque el a\u00f1o se est\u00e1 yendo como el agua (eso deber\u00eda preocuparle al \u201cBigotes\u201d Quintanilla jejeje) y pues el tiempo se debe aprovechar.<br \/>\nINSEGURIDAD<br \/>\nNo es nuevo ni se va acabar compis, pero la neta que la inseguridad en nuestro querido C\u00e1diz no da ni un respiro, que si ejecutados, que si balaceados, asaltos, etc, etc etc; asi que desde esta su columneja preferida pues s\u00f3lo podemos comentarles que se cuiden, que no hagan mucha confianza cuando anden en la calle y esperamos no ser quienes aumentemos las estad\u00edsticas en el sem\u00e1foro del delito estatal jejeje.<br \/>\nFESTEJO<br \/>\nPues ahora no hubo abucheo raza jejeje (hubiera sido el colmo que organizado el evento abuchearan a mi compi \u201cBigotes\u201d Quintanilla jeje) pero en el eventuco del domingo se vio una Plaza de Toros respetable, digo! no estaba as\u00ed que ustedes digan a reventar y desbord\u00e1ndose pero al menos sola, sola, no se ve\u00eda compis, la raza que fue se vio a gusto, tranquila; as\u00ed que creo que el cometido de la administration se cumpli\u00f3 cabalmente y los reyes y reinas de la casa se fueron de su celebraci\u00f3n con un buen sabor de boca.<br \/>\nCAMBIOS<br \/>\nY pues por m\u00e1s que han anunciado cambios que en el tricolor desde hace un buen de tiempo raza, nada se ha hecho y de nueva cuenta el Verde les gana el tiro a los tricolores compis, porque ellos ya hicieron su cambio de Comit\u00e9 Directivo Municipal el pasado mi\u00e9rcoles \u00bfc\u00f3mo ven?<br \/>\nMANTELES LARGOS<br \/>\nEstaban los \u201cinmaduros\u201d de manteles largos con la visita del mero chipocludo del partido en el estado, si hombre, me refiero a Edgar\u00edn \u201cSaveEarth\u201d que la neta siempre que viene a C\u00e1diz le echa un buen de \u201cflower\u201d al \u201cBigotes\u201d Quintanilla y al \u201cTesorito John Bautista\u201d, obviamente por todo lo que logr\u00f3 el partido con ellos al frente.<br \/>\nRECONOCIMIENTO<br \/>\nY pues es lo m\u00e1s justo raza, porque lo que sea de cada quien estos manes se la rifaron desde que comenzaron a jalar y le echaron muchas ganas hasta acabar con el bipartidismo que hab\u00eda existido siempre en el municipio, sacando de la Presi a los azules y los rojos, que hasta este momento hab\u00edan sido siempre los \u201cganones\u201d en las contiendas electorales.<br \/>\nVERDE<br \/>\nY pues aunque el nuevo Presi del Verde le hace honor a su partido, es cierto que al pobre Mayin Lozano, la vara se la dejaron bastante alta los salientes, sin embargo un poco m\u00e1s de soltura le va a venir de maravilla raza, porque no est\u00e1n para que yo les cuente jejeje pero el hombre nom\u00e1s no levantaba la mirada del suelo durante su protesta, yo creo que le andaba ganando la verg\u00fcenza jejeje.<br \/>\nBLINDADO<br \/>\nPor lo pronto tambi\u00e9n hay que mencionar compis que el \u201cTesorito JONH Bautista\u201d pues ya quedo \u201cblindado\u201d jejeje con aquello de rebajar y cobrar \u00e9l mismo lo del 5% de aportaci\u00f3n al partido, ya ven que la semanuca pasada o antepasada le est\u00e1bamos echando carro de que era juez y parte jejeje pues el movimiento como quien dice ya se hice pa\u00b4 que no estemos moliendo raza, que no crean que no nos damos cuenta jejeje.<br \/>\nMOTHER\u00b4S DAY<br \/>\nY pues antes de que se me pase compis, este d\u00eda que se la pasen de lo mejor con sus se\u00f1oras madres que todas siempre ser\u00e1n dignas representantes del amor y el sacrificio incondicional, consi\u00e9ntanlas much\u00edsimo y que el d\u00eda les resulte inolvidable compis.<br \/>\nPERDIDO<br \/>\nY pues ya ten\u00edamos rato raza que no sab\u00edamos de \u00e9l jejeje pens\u00e1bamos que ya se hab\u00eda dado por vencido, pero como que el &#8220;agua&#8221; lo trajo esta semanuca y pues que reaparece el &#8220;Gordisem\u00e1foro&#8221; o el &#8220;Huelemoles&#8221; compis como ustedes mejor le quieran decir en \u201ctremendo\u201d medio de comunication. as\u00ed como lo leen compis, el \u201cGordisemaforo\u201d a\u00fan levanta \u201cratings\u201d aunque se hablando de los dem\u00e1s jejeje.<br \/>\nLLOR\u00d3N<br \/>\nY es que la neta ya se hab\u00eda tardado en andar &#8220;llorando&#8221; por las esquinas jejeje despu\u00e9s del fracaso que se avent\u00f3 en las urnas el a\u00f1o pasado raza; hasta a m\u00ed me doli\u00f3 todo el \u201cbilletal\u201d que se perdi\u00f3 en esa contienda compis, la neta de las netas, porque pues no fueron ni un peso ni dos manitos jejeje.<br \/>\nRECUERDO<br \/>\nLo bueno es que nada se le olvida y \u201cdespepit\u00f3\u201d hasta lo que \u00e9l mismo hac\u00eda en campa\u00f1a y que ahora resulta que no se acuerda jejejeje por ah\u00ed les ech\u00f3 indirectillas al bueno del \u201cBigotes\u201d Quintanilla y de la \u201cHilary\u201d Kardoza, que como se acordar\u00e1n pues en el debate se \u201cdieron\u201d (en el buen sentido eh no anden inventando despu\u00e9s jejeje) con todo y pues ahora trabajan juntos.<br \/>\nDERROTA<br \/>\nDijo el \u201cGordisemaforo\u201d que su derrota hab\u00eda sido debido a que no tra\u00eda \u201cbiyuyo\u201d, imag\u00ednense compis!! Eso que no tra\u00eda!! Si hubiera tra\u00eddo nos voltea de cabeza C\u00e1diz jejeje pero eso s\u00ed, dejo muy en claro que sigue en la batalla raza, que no va a quitar el dedo del rengl\u00f3n y que no tiene \u201ccontrato\u201d con ning\u00fan partido, as\u00ed que s\u00f3lo tenemos la seguridad de que seguiremos \u201cchut\u00e1ndonos\u201d su presencia en el medio polaco, para gusto de unos y dolor de cabeza de otros jejeje\u2026la vemos.<\/p>\n","protected":false},"excerpt":{"rendered":"<p>Por: El Mapache \u00a1Qu\u00e9 onda raza! Espero que hayan tenido un inicio de mes bien chin.. como el m\u00edo jejeje la verdad es que ya en esta fechas es pura pachanga pa\u2019 donde miremos, as\u00ed que hay que disfrutarlas porque el a\u00f1o se est\u00e1 yendo como el agua (eso deber\u00eda preocuparle al \u201cBigotes\u201d Quintanilla jejeje) [&hellip;]<\/p>\n","protected":false},"author":9,"featured_media":155,"comment_status":"open","ping_status":"closed","sticky":false,"template":"","format":"standard","meta":{"footnotes":""},"categories":[1],"tags":[940],"class_list":["post-7898","post","type-post","status-publish","format-standard","has-post-thumbnail","hentry","category-noticias","tag-el-mapache-la-guarida-del-mapache"],"_links":{"self":[{"href":"https:\/\/laultimapalabra.com.mx\/portal\/wp-json\/wp\/v2\/posts\/7898","targetHints":{"allow":["GET"]}}],"collection":[{"href":"https:\/\/laultimapalabra.com.mx\/portal\/wp-json\/wp\/v2\/posts"}],"about":[{"href":"https:\/\/laultimapalabra.com.mx\/portal\/wp-json\/wp\/v2\/types\/post"}],"author":[{"embeddable":true,"href":"https:\/\/laultimapalabra.com.mx\/portal\/wp-json\/wp\/v2\/users\/9"}],"replies":[{"embeddable":true,"href":"https:\/\/laultimapalabra.com.mx\/portal\/wp-json\/wp\/v2\/comments?post=7898"}],"version-history":[{"count":1,"href":"https:\/\/laultimapalabra.com.mx\/portal\/wp-json\/wp\/v2\/posts\/7898\/revisions"}],"predecessor-version":[{"id":67231,"href":"https:\/\/laultimapalabra.com.mx\/portal\/wp-json\/wp\/v2\/posts\/7898\/revisions\/67231"}],"wp:featuredmedia":[{"embeddable":true,"href":"https:\/\/laultimapalabra.com.mx\/portal\/wp-json\/"}],"wp:attachment":[{"href":"https:\/\/laultimapalabra.com.mx\/portal\/wp-json\/wp\/v2\/media?parent=7898"}],"wp:term":[{"taxonomy":"category","embeddable":true,"href":"https:\/\/laultimapalabra.com.mx\/portal\/wp-json\/wp\/v2\/categories?post=7898"},{"taxonomy":"post_tag","embeddable":true,"href":"https:\/\/laultimapalabra.com.mx\/portal\/wp-json\/wp\/v2\/tags?post=7898"}],"curies":[{"name":"wp","href":"https:\/\/api.w.org\/{rel}","templated":true}]}}