                       {"id":7956,"date":"2019-05-12T19:52:11","date_gmt":"2019-05-13T00:52:11","guid":{"rendered":"http:\/\/laultimapalabra.info\/?p=7956"},"modified":"2024-12-11T08:55:45","modified_gmt":"2024-12-11T14:55:45","slug":"balean-a-un-hombre-a-bordo-de-un-auto-en-las-trancas","status":"publish","type":"post","link":"https:\/\/laultimapalabra.com.mx\/portal\/balean-a-un-hombre-a-bordo-de-un-auto-en-las-trancas\/","title":{"rendered":"Balean a un hombre a bordo de un auto en las Trancas"},"content":{"rendered":"<p style=\"text-align: left;\">La v\u00edctima fue atacada cuando circulaba junto a otro hombre sobre el ejido Las Trancas.<\/p>\n<p><img loading=\"lazy\" decoding=\"async\" class=\"size-medium wp-image-7957 alignleft\" src=\"https:\/\/laultimapalabra.com.mx\/portal\/wp-content\/uploads\/2019\/05\/Screenshot_20190512-194750_Samsung-Internet-300x166.jpg\" alt=\"\" width=\"300\" height=\"166\" \/>CADEREYTA.- Un hombre de 37 a\u00f1os result\u00f3 herido de un balazo en la cabeza tras ser atacado mientras circulaba en su veh\u00edculo sobre el ejido Las Trancas en Cadereyta.<\/p>\n<p>El hecho sucedi\u00f3 alrededor de las 17:30 horas del s\u00e1bado entre brechas del mencionado ejido, cuando presuntamente el hombre regresaba de una reuni\u00f3n a bordo de su autom\u00f3vil junto a un amigo.<\/p>\n<p>La v\u00edctima identificada como Enrique Rodr\u00edguez Lira de 37 a\u00f1os de edad, fue trasladado hacia al Hospital de Pemex.<\/p>\n<p>El conductor del auto Sentra no fue identificado pero trascendi\u00f3 que result\u00f3 ileso, quien adem\u00e1s explic\u00f3 a las autoridades que regresaban de un rancho al que hab\u00edan ido por invitaci\u00f3n de Enrique Rodr\u00edguez y al visualizar a un joven que se encontraba disparando en medio del camino, el pistolero accion\u00f3 el arma hacia ellos, logrando que el automovilista perdiera el control del volante y se impactara contra un poste.<\/p>\n<p>Una fuente se\u00f1al\u00f3 que el conductor del veh\u00edculo, quien result\u00f3 ileso y no fue identificado, coment\u00f3 a los polic\u00edas que regresaban de un rancho a donde hab\u00eda ido por invitaci\u00f3n de Rodr\u00edguez Lira y al pasar por la brecha vieron que un joven estaba disparando.<\/p>\n<p>Autoridades estatales dieron a conocer que el presunto responsable subi\u00f3 a una camioneta gris, donde se encontraba otra persona para huir.<\/p>\n<p>Fuente: Multimedios<\/p>\n","protected":false},"excerpt":{"rendered":"<p>La v\u00edctima fue atacada cuando circulaba junto a otro hombre sobre el ejido Las Trancas. CADEREYTA.- Un hombre de 37 a\u00f1os result\u00f3 herido de un balazo en la cabeza tras ser atacado mientras circulaba en su veh\u00edculo sobre el ejido Las Trancas en Cadereyta. El hecho sucedi\u00f3 alrededor de las 17:30 horas del s\u00e1bado entre [&hellip;]<\/p>\n","protected":false},"author":9,"featured_media":7957,"comment_status":"open","ping_status":"closed","sticky":false,"template":"","format":"standard","meta":{"footnotes":""},"categories":[17,8,9],"tags":[926],"class_list":["post-7956","post","type-post","status-publish","format-standard","has-post-thumbnail","hentry","category-locales-cadereyta","category-seguridad","category-seguridad-cadereyta","tag-ejecutados-cadereyta"],"_links":{"self":[{"href":"https:\/\/laultimapalabra.com.mx\/portal\/wp-json\/wp\/v2\/posts\/7956","targetHints":{"allow":["GET"]}}],"collection":[{"href":"https:\/\/laultimapalabra.com.mx\/portal\/wp-json\/wp\/v2\/posts"}],"about":[{"href":"https:\/\/laultimapalabra.com.mx\/portal\/wp-json\/wp\/v2\/types\/post"}],"author":[{"embeddable":true,"href":"https:\/\/laultimapalabra.com.mx\/portal\/wp-json\/wp\/v2\/users\/9"}],"replies":[{"embeddable":true,"href":"https:\/\/laultimapalabra.com.mx\/portal\/wp-json\/wp\/v2\/comments?post=7956"}],"version-history":[{"count":1,"href":"https:\/\/laultimapalabra.com.mx\/portal\/wp-json\/wp\/v2\/posts\/7956\/revisions"}],"predecessor-version":[{"id":67261,"href":"https:\/\/laultimapalabra.com.mx\/portal\/wp-json\/wp\/v2\/posts\/7956\/revisions\/67261"}],"wp:featuredmedia":[{"embeddable":true,"href":"https:\/\/laultimapalabra.com.mx\/portal\/wp-json\/"}],"wp:attachment":[{"href":"https:\/\/laultimapalabra.com.mx\/portal\/wp-json\/wp\/v2\/media?parent=7956"}],"wp:term":[{"taxonomy":"category","embeddable":true,"href":"https:\/\/laultimapalabra.com.mx\/portal\/wp-json\/wp\/v2\/categories?post=7956"},{"taxonomy":"post_tag","embeddable":true,"href":"https:\/\/laultimapalabra.com.mx\/portal\/wp-json\/wp\/v2\/tags?post=7956"}],"curies":[{"name":"wp","href":"https:\/\/api.w.org\/{rel}","templated":true}]}}