                       {"id":7987,"date":"2019-05-16T16:30:13","date_gmt":"2019-05-16T21:30:13","guid":{"rendered":"http:\/\/laultimapalabra.info\/?p=7987"},"modified":"2024-12-11T08:55:45","modified_gmt":"2024-12-11T14:55:45","slug":"amlo-sct-y-bronco-firman-proyecto-ferroviario-en-monterrey","status":"publish","type":"post","link":"https:\/\/laultimapalabra.com.mx\/portal\/amlo-sct-y-bronco-firman-proyecto-ferroviario-en-monterrey\/","title":{"rendered":"AMLO, SCT y Bronco firman proyecto ferroviario en Monterrey"},"content":{"rendered":"<p style=\"text-align: justify;\"><img loading=\"lazy\" decoding=\"async\" class=\"size-medium wp-image-7988 alignleft\" src=\"https:\/\/laultimapalabra.com.mx\/portal\/wp-content\/uploads\/2019\/05\/02_amlo_espriu_bronco_monterr.2e16d0ba.fill-800x400-c100-300x150.jpg\" alt=\"\" width=\"300\" height=\"150\" \/>Monterrey, N. L.- El presidente de M\u00e9xico, Andr\u00e9s Manuel L\u00f3pez Obrador, firm\u00f3, acompa\u00f1ado del titular de Comunicaciones y Transportes, Javier Jim\u00e9nez Espri\u00fa, un convenio con el que se busca Fortalecer el Sistema Integral de Movilidad Metropolitana en Monterrey, Nuevo Le\u00f3n.<\/p>\n<p style=\"text-align: justify;\">El acuerdo prev\u00e9 la construcci\u00f3n del proyecto del corredor de trenes Garc\u00eda-Aeropuerto de Monterrey, en el que se reutilizar\u00e1n las v\u00edas ferroviari<span class=\"text_exposed_show\">as existentes, con una extensi\u00f3n es de m\u00e1s de 72 km y tendr\u00e1 una inversi\u00f3n de 13 mil millones de pesos.<\/span><\/p>\n<div class=\"text_exposed_show\">\n<p style=\"text-align: justify;\">En su participaci\u00f3n el presidente record\u00f3 que las v\u00edas f\u00e9rreas han sido un percusor para las comunicaciones y desarrollo de M\u00e9xico, particularmente en Nuevo Le\u00f3n.<\/p>\n<p style=\"text-align: justify;\">&#8220;Se inicia aqu\u00ed en Monterrey y subrayo con la participaci\u00f3n de todos, Gobierno Federal, estatal, empresarios y concesionarios&#8230;debemos reconocer el que est\u00e9n apoyando en este proyecto&#8230;porque es el inicio de otras obras, porque dec\u00eda yo M\u00e9xico se desarrollo a partir del ferrocarril&#8230;y es un proyecto que se puede replicar en todo el pa\u00eds&#8221;, refiri\u00f3.<\/p>\n<p style=\"text-align: justify;\">Asegur\u00f3 que este nuevo sistema de transporte aportar\u00e1 mucho en todas las comunidades y asegur\u00f3 que contar\u00e1n con su apoyo hasta que concluya la obra. A\u00f1adi\u00f3 que autoriz\u00f3 proyectos como la presa libertad, la l\u00ednea del metro, Topo Chico, adem\u00e1s de que el gobierno de la entidad contar\u00e1 con su respaldo.<\/p>\n<p style=\"text-align: justify;\">El titular de la Secretar\u00eda de Comunicaciones y Transportes (SCT), Javier Jim\u00e9nez Espri\u00fa coment\u00f3 que una adecuada movilidad urbana es indispensable para el desarrollo de una ciudad sustentable y es un paso importante el que se est\u00e1 dando con este proyecto.<\/p>\n<p style=\"text-align: justify;\">El objetivo de este proyecto es aprovechar la infraestructura disponible y generar una convivencia entre transporte p\u00fablico ferroviario de pasajeros y de carga en un contexto de importantes limitaciones de derechos de v\u00eda.<\/p>\n<p style=\"text-align: justify;\">Bronco recibe a AMLO en Monterrey: ya lo vamos a hacer regiomontano<\/p>\n<p style=\"text-align: justify;\">A su llegada el mandatario federal fue recibido en el aeropuerto de Monterrey, Nuevo Le\u00f3n por el gobernador, Jaime Rodr\u00edguez Calder\u00f3n &#8220;el Bronco&#8221; quien bromeo y dijo que ya lo van hacer regiomontano.<\/p>\n<p style=\"text-align: justify;\">Fuente: Polit\u00edco.MX<\/p>\n<\/div>\n","protected":false},"excerpt":{"rendered":"<p>Monterrey, N. L.- El presidente de M\u00e9xico, Andr\u00e9s Manuel L\u00f3pez Obrador, firm\u00f3, acompa\u00f1ado del titular de Comunicaciones y Transportes, Javier Jim\u00e9nez Espri\u00fa, un convenio con el que se busca Fortalecer el Sistema Integral de Movilidad Metropolitana en Monterrey, Nuevo Le\u00f3n. El acuerdo prev\u00e9 la construcci\u00f3n del proyecto del corredor de trenes Garc\u00eda-Aeropuerto de Monterrey, en [&hellip;]<\/p>\n","protected":false},"author":9,"featured_media":7988,"comment_status":"open","ping_status":"closed","sticky":false,"template":"","format":"standard","meta":{"footnotes":""},"categories":[19],"tags":[124,1307,1316],"class_list":["post-7987","post","type-post","status-publish","format-standard","has-post-thumbnail","hentry","category-nacional","tag-amlo","tag-inversion-en-tren","tag-jaime-rodriguez-el-bronco"],"_links":{"self":[{"href":"https:\/\/laultimapalabra.com.mx\/portal\/wp-json\/wp\/v2\/posts\/7987","targetHints":{"allow":["GET"]}}],"collection":[{"href":"https:\/\/laultimapalabra.com.mx\/portal\/wp-json\/wp\/v2\/posts"}],"about":[{"href":"https:\/\/laultimapalabra.com.mx\/portal\/wp-json\/wp\/v2\/types\/post"}],"author":[{"embeddable":true,"href":"https:\/\/laultimapalabra.com.mx\/portal\/wp-json\/wp\/v2\/users\/9"}],"replies":[{"embeddable":true,"href":"https:\/\/laultimapalabra.com.mx\/portal\/wp-json\/wp\/v2\/comments?post=7987"}],"version-history":[{"count":1,"href":"https:\/\/laultimapalabra.com.mx\/portal\/wp-json\/wp\/v2\/posts\/7987\/revisions"}],"predecessor-version":[{"id":67273,"href":"https:\/\/laultimapalabra.com.mx\/portal\/wp-json\/wp\/v2\/posts\/7987\/revisions\/67273"}],"wp:featuredmedia":[{"embeddable":true,"href":"https:\/\/laultimapalabra.com.mx\/portal\/wp-json\/"}],"wp:attachment":[{"href":"https:\/\/laultimapalabra.com.mx\/portal\/wp-json\/wp\/v2\/media?parent=7987"}],"wp:term":[{"taxonomy":"category","embeddable":true,"href":"https:\/\/laultimapalabra.com.mx\/portal\/wp-json\/wp\/v2\/categories?post=7987"},{"taxonomy":"post_tag","embeddable":true,"href":"https:\/\/laultimapalabra.com.mx\/portal\/wp-json\/wp\/v2\/tags?post=7987"}],"curies":[{"name":"wp","href":"https:\/\/api.w.org\/{rel}","templated":true}]}}