                       {"id":80,"date":"2018-01-31T23:19:47","date_gmt":"2018-01-31T23:19:47","guid":{"rendered":"http:\/\/laultimapalabra.info\/?p=80"},"modified":"2024-12-11T08:36:53","modified_gmt":"2024-12-11T14:36:53","slug":"lleva-htc-obras-a-distintas-colonias","status":"publish","type":"post","link":"https:\/\/laultimapalabra.com.mx\/portal\/lleva-htc-obras-a-distintas-colonias\/","title":{"rendered":"Lleva HTC obras a  distintas colonias"},"content":{"rendered":"<p style=\"text-align: justify;\"><img loading=\"lazy\" decoding=\"async\" class=\"size-medium wp-image-81 alignleft\" src=\"https:\/\/laultimapalabra.com.mx\/portal\/wp-content\/uploads\/2018\/02\/heriberto-lleva-obras-300x200.jpg\" alt=\"\" width=\"300\" height=\"200\" \/>Parque lineal para Quinta Las Sabinas y nave para escuela de Monte Kristal<\/p>\n<p style=\"text-align: justify;\">CD. BENITO JU\u00c1REZ, N.L.-<\/p>\n<p style=\"text-align: justify;\">La Administraci\u00f3n Municipal de Ju\u00e1rez contin\u00faa llevando obras a todos los rincones de esta ciudad, en esta ocasi\u00f3n se inaugur\u00f3 el Parque Lineal de la colonia Quinta las Sabinas e inici\u00f3 la construcci\u00f3n de un techo para el \u00e1rea deportiva de la primaria Alfonso Reyes en la colonia Monte Kristal.<\/p>\n<p style=\"text-align: justify;\">La inversi\u00f3n conjunta, programada para ambos proyectos, es de casi dos millones de pesos en recursos que beneficiar\u00e1n con m\u00e1s y mejores espacios a los habitantes de estos sectores.<\/p>\n<p style=\"text-align: justify;\">Como parte de los trabajos que se llevaron a cabo en el parque lineal se encuentran la instalaci\u00f3n de 390 metros lineales de malla cicl\u00f3nica, as\u00ed como la rehabilitaci\u00f3n de 480 metros lineales de malla existente.<\/p>\n<p style=\"text-align: justify;\">Adem\u00e1s de la colocaci\u00f3n de bancas de concreto, alumbrado p\u00fablico, juegos infantiles nuevos, aparatos de acondicionamiento f\u00edsico, botes de basura y labores de pintura ep\u00f3xica en una extensi\u00f3n de mil 155 metros cuadrados.<\/p>\n<p style=\"text-align: justify;\">Por otro lado, los m\u00e1s de 600 alumnos de la escuela primaria Alfonso Reyes del Segundo Sector de la colonia Monte Kristal, gozar\u00e1n de un \u00e1rea de educaci\u00f3n f\u00edsica totalmente techada.<\/p>\n<p style=\"text-align: justify;\">El Alcalde Heriberto Trevi\u00f1o Cant\u00fa destac\u00f3 que el objetivo de su administraci\u00f3n es invertir los recursos en aquellos sectores donde m\u00e1s falta hace.<\/p>\n<p style=\"text-align: justify;\">\u201cCreo que a eso venimos nosotros como servidores p\u00fablicos, a tratar de coadyuvar con las autoridades estatales y federales para que el entorno de nuestras colonias mejore\u201d.<\/p>\n","protected":false},"excerpt":{"rendered":"<p>Parque lineal para Quinta Las Sabinas y nave para escuela de Monte Kristal CD. BENITO JU\u00c1REZ, N.L.- La Administraci\u00f3n Municipal de Ju\u00e1rez contin\u00faa llevando obras a todos los rincones de esta ciudad, en esta ocasi\u00f3n se inaugur\u00f3 el Parque Lineal de la colonia Quinta las Sabinas e inici\u00f3 la construcci\u00f3n de un techo para el [&hellip;]<\/p>\n","protected":false},"author":9,"featured_media":81,"comment_status":"open","ping_status":"closed","sticky":false,"template":"","format":"standard","meta":{"footnotes":""},"categories":[18],"tags":[1190,1720,1909],"class_list":["post-80","post","type-post","status-publish","format-standard","has-post-thumbnail","hentry","category-locales-juarez","tag-heribeto-trevino-cantu","tag-parque-lineal","tag-quintas-las-sabinas"],"_links":{"self":[{"href":"https:\/\/laultimapalabra.com.mx\/portal\/wp-json\/wp\/v2\/posts\/80","targetHints":{"allow":["GET"]}}],"collection":[{"href":"https:\/\/laultimapalabra.com.mx\/portal\/wp-json\/wp\/v2\/posts"}],"about":[{"href":"https:\/\/laultimapalabra.com.mx\/portal\/wp-json\/wp\/v2\/types\/post"}],"author":[{"embeddable":true,"href":"https:\/\/laultimapalabra.com.mx\/portal\/wp-json\/wp\/v2\/users\/9"}],"replies":[{"embeddable":true,"href":"https:\/\/laultimapalabra.com.mx\/portal\/wp-json\/wp\/v2\/comments?post=80"}],"version-history":[{"count":1,"href":"https:\/\/laultimapalabra.com.mx\/portal\/wp-json\/wp\/v2\/posts\/80\/revisions"}],"predecessor-version":[{"id":63113,"href":"https:\/\/laultimapalabra.com.mx\/portal\/wp-json\/wp\/v2\/posts\/80\/revisions\/63113"}],"wp:featuredmedia":[{"embeddable":true,"href":"https:\/\/laultimapalabra.com.mx\/portal\/wp-json\/"}],"wp:attachment":[{"href":"https:\/\/laultimapalabra.com.mx\/portal\/wp-json\/wp\/v2\/media?parent=80"}],"wp:term":[{"taxonomy":"category","embeddable":true,"href":"https:\/\/laultimapalabra.com.mx\/portal\/wp-json\/wp\/v2\/categories?post=80"},{"taxonomy":"post_tag","embeddable":true,"href":"https:\/\/laultimapalabra.com.mx\/portal\/wp-json\/wp\/v2\/tags?post=80"}],"curies":[{"name":"wp","href":"https:\/\/api.w.org\/{rel}","templated":true}]}}