                       {"id":8005,"date":"2019-05-16T23:55:00","date_gmt":"2019-05-17T04:55:00","guid":{"rendered":"http:\/\/laultimapalabra.info\/?p=8005"},"modified":"2024-12-11T08:55:46","modified_gmt":"2024-12-11T14:55:46","slug":"algo-mas-acerca-del-dia-del-maestro","status":"publish","type":"post","link":"https:\/\/laultimapalabra.com.mx\/portal\/algo-mas-acerca-del-dia-del-maestro\/","title":{"rendered":"Algo m\u00e1s\u2026. acerca del D\u00eda del Maestro"},"content":{"rendered":"<p style=\"text-align: justify;\"><img loading=\"lazy\" decoding=\"async\" class=\"size-medium wp-image-8007 alignleft\" src=\"https:\/\/laultimapalabra.com.mx\/portal\/wp-content\/uploads\/2019\/05\/DIADELMAESTRO-300x162.jpg\" alt=\"\" width=\"300\" height=\"162\" \/>Por: Dr. Jos\u00e9 Ascenci\u00f3n Tijerina Flores<\/p>\n<p style=\"text-align: justify;\">Un 15 de mayo de 1917 el Presidente Venustiano Carranza emite el decreto aprobado por el Congreso de la Uni\u00f3n para establecer en esa fecha la celebraci\u00f3n del D\u00eda del Maestro.<br \/>\nEsta fue una iniciativa de los Diputados Coahuilenses: Benito Ram\u00edrez y Enrique Viezca, como tambi\u00e9n del Neolon\u00e9s Jonas Garc\u00eda (Santa Rosa de Apodaca Nuevo Le\u00f3n) a quienes se les debe agradecer tal designaci\u00f3n.<br \/>\nEl 15 de mayo se honra tambi\u00e9n a San Juan Bautista de la Salle, s\u00edmbolo de la educaci\u00f3n religiosa contrastando con la l\u00e1ica pol\u00edtica Carrancista y Revolucionar\u00eda. Sin embargo, tal conmemoraci\u00f3n no est\u00e1 homologada en el mundo, pues el 5 de octubre es el d\u00eda internacional del maestro y la conferencia interamericana de educaci\u00f3n celebrada en 1943 recomienda que se celebre ese festejo el d\u00eda 11 de septiembre.<br \/>\nRevisando los calendarios latinoamericanos veremos que hay muchos celebrando lo mismo como tambien a sus antecedentes nacionales, ejemplo: En Argentina se celebra el 11 de septiembre conmemorando el fallecimiento de Domingo Faustino Sarmiento Gobernador y Senador de la provincia de San Juan y Presidente de aquel Pa\u00eds, quien vivi\u00f3 empe\u00f1ado en mejorar la educaci\u00f3n cient\u00edfica.<br \/>\nEn Bolivia, se festeja al maestro el 6 de junio, recodando la fundaci\u00f3n de la primera escuela de maestros en Sucre y el nacimiento de Modesto Omiste Tinajeros. En Brasil es el 15 de octubre recordando que fu\u00e9 en esa fecha cuando el Emperador Pedro I firm\u00f3 la ley que crea escuelas de primeras letras en todas las ciudades, villas y lugares populares y as\u00ed por el estilo hay fechas diversas para reconocer a los hombres y mujeres que entregan su vida para ense\u00f1ar como maestros o catedr\u00e1ticos.<br \/>\n\u201cLA GRANDEZA DE UNA NACI\u00d3N NO SE DA EN BASE A SUS RECURSOS NATURALES, SI NO POR EL GRADO DE PREPARACI\u00d3N DE SU GENTE\u201d, as\u00ed que la educaci\u00f3n es el tema que debemos resolver y el elemento m\u00e1s relevante es el maestro, m\u00e1s que los otros elementos de la educaci\u00f3n como son: Los alumnos, los libros y las condiciones de la escuela.<br \/>\nAs\u00ed que vi\u00e9ndolo de cualquier angulo, el 15 de mayo es una fecha muy importante para M\u00e9xico, pues nos hace honrar a nuestros recordados, admirados y queridos maestros.<br \/>\nPor lo tanto con motivo del d\u00eda del maestro, debemos manifestar por una labor invaluable, abnegada y de servicio, pues los maestros son los colaboradores de los padres en la sublime misi\u00f3n de la educaci\u00f3n, instrucci\u00f3n de la formaci\u00f3n del ni\u00f1o y joven para modelarlos a dentro de la norma del deber y el saber poniendo en las manos y las mentes lo mejor de sus conocimientos preparaci\u00f3n y experiencia para su mejor desarrollo integral.<br \/>\nNo hay palabras suficientes para entender y reconocer la sublime labor del maestro con vocaci\u00f3n.<br \/>\nEl maestro es educador, instructor, gu\u00eda, formador, orientador, facilitador, consejero, servidor social y amigo por siempre.<br \/>\nPor eso y muchas cosas m\u00e1s GRACIAS MAESTRAS\u2026.. MAESTROS MUCHAS GRACIAS<\/p>\n","protected":false},"excerpt":{"rendered":"<p>Por: Dr. Jos\u00e9 Ascenci\u00f3n Tijerina Flores Un 15 de mayo de 1917 el Presidente Venustiano Carranza emite el decreto aprobado por el Congreso de la Uni\u00f3n para establecer en esa fecha la celebraci\u00f3n del D\u00eda del Maestro. Esta fue una iniciativa de los Diputados Coahuilenses: Benito Ram\u00edrez y Enrique Viezca, como tambi\u00e9n del Neolon\u00e9s Jonas [&hellip;]<\/p>\n","protected":false},"author":9,"featured_media":8007,"comment_status":"open","ping_status":"closed","sticky":false,"template":"","format":"standard","meta":{"footnotes":""},"categories":[1],"tags":[879],"class_list":["post-8005","post","type-post","status-publish","format-standard","has-post-thumbnail","hentry","category-noticias","tag-dr-jose-ascencion-tijerina-flores"],"_links":{"self":[{"href":"https:\/\/laultimapalabra.com.mx\/portal\/wp-json\/wp\/v2\/posts\/8005","targetHints":{"allow":["GET"]}}],"collection":[{"href":"https:\/\/laultimapalabra.com.mx\/portal\/wp-json\/wp\/v2\/posts"}],"about":[{"href":"https:\/\/laultimapalabra.com.mx\/portal\/wp-json\/wp\/v2\/types\/post"}],"author":[{"embeddable":true,"href":"https:\/\/laultimapalabra.com.mx\/portal\/wp-json\/wp\/v2\/users\/9"}],"replies":[{"embeddable":true,"href":"https:\/\/laultimapalabra.com.mx\/portal\/wp-json\/wp\/v2\/comments?post=8005"}],"version-history":[{"count":1,"href":"https:\/\/laultimapalabra.com.mx\/portal\/wp-json\/wp\/v2\/posts\/8005\/revisions"}],"predecessor-version":[{"id":67281,"href":"https:\/\/laultimapalabra.com.mx\/portal\/wp-json\/wp\/v2\/posts\/8005\/revisions\/67281"}],"wp:featuredmedia":[{"embeddable":true,"href":"https:\/\/laultimapalabra.com.mx\/portal\/wp-json\/"}],"wp:attachment":[{"href":"https:\/\/laultimapalabra.com.mx\/portal\/wp-json\/wp\/v2\/media?parent=8005"}],"wp:term":[{"taxonomy":"category","embeddable":true,"href":"https:\/\/laultimapalabra.com.mx\/portal\/wp-json\/wp\/v2\/categories?post=8005"},{"taxonomy":"post_tag","embeddable":true,"href":"https:\/\/laultimapalabra.com.mx\/portal\/wp-json\/wp\/v2\/tags?post=8005"}],"curies":[{"name":"wp","href":"https:\/\/api.w.org\/{rel}","templated":true}]}}