                       {"id":8049,"date":"2019-05-17T01:02:56","date_gmt":"2019-05-17T06:02:56","guid":{"rendered":"http:\/\/laultimapalabra.info\/?p=8049"},"modified":"2024-12-11T08:55:46","modified_gmt":"2024-12-11T14:55:46","slug":"regresa-al-cabildo-cecilia-cantu","status":"publish","type":"post","link":"https:\/\/laultimapalabra.com.mx\/portal\/regresa-al-cabildo-cecilia-cantu\/","title":{"rendered":"Regresa al cabildo Cecilia Cant\u00fa"},"content":{"rendered":"<p style=\"text-align: justify;\">\u201cGracias se\u00f1or Ernesto por darle la oportunidad nuevamente a mi hija, pues bastante necesita el trabajo\u201d: Consuelo Montemayor<\/p>\n<p style=\"text-align: justify;\"><img loading=\"lazy\" decoding=\"async\" class=\"size-medium wp-image-8050 alignleft\" src=\"https:\/\/laultimapalabra.com.mx\/portal\/wp-content\/uploads\/2019\/05\/a0f1b0b5-6f3f-4d5f-bf77-824fc56bca27-300x225.jpg\" alt=\"\" width=\"300\" height=\"225\" \/>CADEREYTA JIM\u00c9NEZ, N.L.-<br \/>\nDespu\u00e9s de un retiro de dos meses y seis d\u00edas, la regidora Cecilia Margarita Cant\u00fa Montemayor, regres\u00f3 a su lugar en el cabildo, al dar por escrito el t\u00e9rmino de su licencia y le\u00edda como uno de los puntos en la sesi\u00f3n de cabildo efectuada el pasado martes a las 16:00 horas.<br \/>\nLa solicitud fue le\u00edda por el secretario del ayuntamiento, a manera informativa, del regreso de Cant\u00fa Montemayor.<br \/>\n\u201c..Le solicito dejar sin efecto la licencia de separaci\u00f3n de cargo como tercer regidor, solicitada el pasado 8 de marzo del a\u00f1o en curso, asimismo se haga del conocimiento de dicha solicitud a los integrantes del republicano ayuntamiento para reintegrarme a mi cargo y desempe\u00f1ar mis funciones como tercer regidor\u201d, dec\u00eda el oficio.<br \/>\nCarlos Rodr\u00edguez, dio un espacio para que Cecy Cant\u00fa, tomara su lugar en el Cabildo, mientras su madre Consuelo Montemayor Garc\u00eda, dejaba su asiento de tercera regidora.<br \/>\nAntes del movimiento, el alcalde agradeci\u00f3 a la viuda de Edelmiro Cant\u00fa por el trabajo desempe\u00f1ado por estos poco m\u00e1s de dos meses.<br \/>\nAl dejar su asiento y mientras su hija se instalaba en su lugar, la dos veces ex presidenta del DIF y suplente de su hija, agradeci\u00f3 al edil esa oportunidad.<br \/>\nAgradeci\u00f3 a los dem\u00e1s regidores por la oportunidad de conocer las funciones del cabildo y luego en lo personal de dirigi\u00f3 al alcalde Ernesto Quintanilla para decirle: \u201cGracias se\u00f1or Ernesto por darle la oportunidad nuevamente a mi hija, pues bastante necesita el trabajo\u201d.<br \/>\nDespu\u00e9s de ese cambio, la sesi\u00f3n continu\u00f3 normalmente, ya con Cecy Cant\u00fa reintegrada en el cuerpo edilicio jimenense.<\/p>\n","protected":false},"excerpt":{"rendered":"<p>\u201cGracias se\u00f1or Ernesto por darle la oportunidad nuevamente a mi hija, pues bastante necesita el trabajo\u201d: Consuelo Montemayor CADEREYTA JIM\u00c9NEZ, N.L.- Despu\u00e9s de un retiro de dos meses y seis d\u00edas, la regidora Cecilia Margarita Cant\u00fa Montemayor, regres\u00f3 a su lugar en el cabildo, al dar por escrito el t\u00e9rmino de su licencia y le\u00edda [&hellip;]<\/p>\n","protected":false},"author":9,"featured_media":8051,"comment_status":"open","ping_status":"closed","sticky":false,"template":"","format":"standard","meta":{"footnotes":""},"categories":[17],"tags":[511],"class_list":["post-8049","post","type-post","status-publish","format-standard","has-post-thumbnail","hentry","category-locales-cadereyta","tag-cecy-cantu"],"_links":{"self":[{"href":"https:\/\/laultimapalabra.com.mx\/portal\/wp-json\/wp\/v2\/posts\/8049","targetHints":{"allow":["GET"]}}],"collection":[{"href":"https:\/\/laultimapalabra.com.mx\/portal\/wp-json\/wp\/v2\/posts"}],"about":[{"href":"https:\/\/laultimapalabra.com.mx\/portal\/wp-json\/wp\/v2\/types\/post"}],"author":[{"embeddable":true,"href":"https:\/\/laultimapalabra.com.mx\/portal\/wp-json\/wp\/v2\/users\/9"}],"replies":[{"embeddable":true,"href":"https:\/\/laultimapalabra.com.mx\/portal\/wp-json\/wp\/v2\/comments?post=8049"}],"version-history":[{"count":1,"href":"https:\/\/laultimapalabra.com.mx\/portal\/wp-json\/wp\/v2\/posts\/8049\/revisions"}],"predecessor-version":[{"id":67307,"href":"https:\/\/laultimapalabra.com.mx\/portal\/wp-json\/wp\/v2\/posts\/8049\/revisions\/67307"}],"wp:featuredmedia":[{"embeddable":true,"href":"https:\/\/laultimapalabra.com.mx\/portal\/wp-json\/"}],"wp:attachment":[{"href":"https:\/\/laultimapalabra.com.mx\/portal\/wp-json\/wp\/v2\/media?parent=8049"}],"wp:term":[{"taxonomy":"category","embeddable":true,"href":"https:\/\/laultimapalabra.com.mx\/portal\/wp-json\/wp\/v2\/categories?post=8049"},{"taxonomy":"post_tag","embeddable":true,"href":"https:\/\/laultimapalabra.com.mx\/portal\/wp-json\/wp\/v2\/tags?post=8049"}],"curies":[{"name":"wp","href":"https:\/\/api.w.org\/{rel}","templated":true}]}}