                       {"id":8092,"date":"2019-05-20T11:40:40","date_gmt":"2019-05-20T16:40:40","guid":{"rendered":"http:\/\/laultimapalabra.info\/?p=8092"},"modified":"2024-12-11T08:55:47","modified_gmt":"2024-12-11T14:55:47","slug":"no-les-llega-agua-pero-si-los-recibos","status":"publish","type":"post","link":"https:\/\/laultimapalabra.com.mx\/portal\/no-les-llega-agua-pero-si-los-recibos\/","title":{"rendered":"No les llega agua, pero s\u00ed los recibos"},"content":{"rendered":"<p style=\"text-align: justify;\"><img loading=\"lazy\" decoding=\"async\" class=\"size-medium wp-image-8094 alignright\" src=\"https:\/\/laultimapalabra.com.mx\/portal\/wp-content\/uploads\/2019\/05\/7998971-300x200.jpg\" alt=\"\" width=\"300\" height=\"200\" \/>Monterrey, M\u00e9xico (20 mayo 2019).- Aunque desde hace meses sufren por el desabasto de agua, y claman por ayuda, a los habitantes de ejidos del sur del estado lo \u00fanico que les llega son los recibos por un servicio que no tienen.<\/p>\n<p style=\"text-align: justify;\">Los vecinos de ejidos de Mier y Noriega, de Galeana y de Doctor Arroyo denunciaron que pese a que Agua y Drenaje no les suministra el l\u00edquido, s\u00ed les manda puntualmente los recibos.<\/p>\n<div class=\"text_exposed_show\">\n<p style=\"text-align: justify;\">En el Ejido Los Cuartos, en Doctor Arroyo, la molestia es grande entre los habitantes, pues les indigna tener que pagar alrededor de 30 pesos bimestrales por un servicio que nunca se les brinda.<\/p>\n<p style=\"text-align: justify;\">&#8220;Llamo (a Agua y Drenaje) y todav\u00eda se molestan porque exigimos el agua, y es un servicio que debemos tener como ciudadanos y \u00e9ste no es un lugar muy grande como para que no puedan abastecerla, lo \u00fanico que pedimos es agua.<\/p>\n<p style=\"text-align: justify;\">&#8220;Pero eso s\u00ed, el recibo siempre llega&#8221;, dijo Mar\u00eda Elena Gonz\u00e1lez.<\/p>\n<p style=\"text-align: justify;\">En la comunidad de La Poza, en Galeana, hace tres a\u00f1os instalaron un tanque que supuestamente abastecer\u00eda a los pobladores, pero nunca han recibido agua.<\/p>\n<p style=\"text-align: justify;\">&#8220;Ya tenemos aproximadamente tres a\u00f1os batallando con la escasez, que nos dicen que ya van a arreglar y as\u00ed nos tienen.<\/p>\n<p style=\"text-align: justify;\">&#8220;Tenemos la red, pero se nos escasea mucho el agua, ya la gente est\u00e1 cansada aqu\u00ed, necesitan una soluci\u00f3n&#8221;, dijo F\u00e9lix Bazald\u00faa, representante municipal y quien se encarga de recolectar el pago de los recibos en la comunidad.<\/p>\n<p style=\"text-align: justify;\">En el \u00faltimo recibo, coment\u00f3, le toc\u00f3 pagar 30 pesos.<\/p>\n<p style=\"text-align: justify;\">&#8220;Dicen que ya van a arreglar, que nos van a cambiar la red, porque esta red ya tiene como 35 a\u00f1os. Tenemos desde hace tres a\u00f1os el tanque ese, pero no nos llega nada de agua&#8221;.<\/p>\n<p style=\"text-align: justify;\">Como \u00e9l se encarga de realizar los cobros a sus vecinos, le toca lidiar con el enojo de los ejidatarios.<\/p>\n<p style=\"text-align: justify;\">&#8220;Como yo soy el comisionista vienen con sus recibos y me dicen que hable a Agua y Drenaje, pero no nos hacen caso, s\u00f3lo dicen que ya van a arreglar.<\/p>\n<p style=\"text-align: justify;\">&#8220;Los recibos caen puntual y eso le enoja m\u00e1s a la gente&#8221;.<\/p>\n<p style=\"text-align: justify;\">A Pureza Ju\u00e1rez, quien vive en San Jos\u00e9 Cuatro Caminos, en Mier y Noriega, tambi\u00e9n le llega su recibo, y dice que lo paga con la esperanza de que vuelva el servicio.<\/p>\n<p style=\"text-align: justify;\">&#8220;Si llega a veces el agua&#8221;, se\u00f1ala, &#8220;pero como a la una o dos de la ma\u00f1ana, nos tenemos que levantar a ver qu\u00e9 podemos llenar con el chorrito que sale.<\/p>\n<p style=\"text-align: justify;\">&#8220;\u00c9ste (recibo) me sali\u00f3 de 29 pesos, el otro salieron 31, mi esposo ya lo fue a pagar.<\/p>\n<p style=\"text-align: justify;\">Ya estamos acostumbrados a no tener el agua, batallando todos los d\u00edas&#8221;.<\/p>\n<p style=\"text-align: justify;\">Fuente: El Norte<\/p>\n<\/div>\n","protected":false},"excerpt":{"rendered":"<p>Monterrey, M\u00e9xico (20 mayo 2019).- Aunque desde hace meses sufren por el desabasto de agua, y claman por ayuda, a los habitantes de ejidos del sur del estado lo \u00fanico que les llega son los recibos por un servicio que no tienen. Los vecinos de ejidos de Mier y Noriega, de Galeana y de Doctor [&hellip;]<\/p>\n","protected":false},"author":9,"featured_media":8093,"comment_status":"open","ping_status":"closed","sticky":false,"template":"","format":"standard","meta":{"footnotes":""},"categories":[15],"tags":[1037,2135],"class_list":["post-8092","post","type-post","status-publish","format-standard","has-post-thumbnail","hentry","category-estado","tag-falta-de-agua-2","tag-servicios-de-agua-y-drenaje-de-monterrey"],"_links":{"self":[{"href":"https:\/\/laultimapalabra.com.mx\/portal\/wp-json\/wp\/v2\/posts\/8092","targetHints":{"allow":["GET"]}}],"collection":[{"href":"https:\/\/laultimapalabra.com.mx\/portal\/wp-json\/wp\/v2\/posts"}],"about":[{"href":"https:\/\/laultimapalabra.com.mx\/portal\/wp-json\/wp\/v2\/types\/post"}],"author":[{"embeddable":true,"href":"https:\/\/laultimapalabra.com.mx\/portal\/wp-json\/wp\/v2\/users\/9"}],"replies":[{"embeddable":true,"href":"https:\/\/laultimapalabra.com.mx\/portal\/wp-json\/wp\/v2\/comments?post=8092"}],"version-history":[{"count":1,"href":"https:\/\/laultimapalabra.com.mx\/portal\/wp-json\/wp\/v2\/posts\/8092\/revisions"}],"predecessor-version":[{"id":67331,"href":"https:\/\/laultimapalabra.com.mx\/portal\/wp-json\/wp\/v2\/posts\/8092\/revisions\/67331"}],"wp:featuredmedia":[{"embeddable":true,"href":"https:\/\/laultimapalabra.com.mx\/portal\/wp-json\/"}],"wp:attachment":[{"href":"https:\/\/laultimapalabra.com.mx\/portal\/wp-json\/wp\/v2\/media?parent=8092"}],"wp:term":[{"taxonomy":"category","embeddable":true,"href":"https:\/\/laultimapalabra.com.mx\/portal\/wp-json\/wp\/v2\/categories?post=8092"},{"taxonomy":"post_tag","embeddable":true,"href":"https:\/\/laultimapalabra.com.mx\/portal\/wp-json\/wp\/v2\/tags?post=8092"}],"curies":[{"name":"wp","href":"https:\/\/api.w.org\/{rel}","templated":true}]}}