                       {"id":8155,"date":"2019-05-23T16:39:53","date_gmt":"2019-05-23T21:39:53","guid":{"rendered":"http:\/\/laultimapalabra.info\/?p=8155"},"modified":"2024-12-11T08:55:48","modified_gmt":"2024-12-11T14:55:48","slug":"maraton-de-ciclismo-de-montana-en-montemorelos","status":"publish","type":"post","link":"https:\/\/laultimapalabra.com.mx\/portal\/maraton-de-ciclismo-de-montana-en-montemorelos\/","title":{"rendered":"Marat\u00f3n de Ciclismo de Monta\u00f1a en Montemorelos"},"content":{"rendered":"<p style=\"text-align: justify;\"><img loading=\"lazy\" decoding=\"async\" class=\"size-medium wp-image-8153 alignleft\" src=\"https:\/\/laultimapalabra.com.mx\/portal\/wp-content\/uploads\/2019\/05\/MARATON-MONTEMORELOS-2019-6-300x225.jpg\" alt=\"\" width=\"300\" height=\"225\" \/>Los ciclistas que forman la Liga de Ciclismo de Monta\u00f1a de N.L. se trasladaron el pasado domingo 19 de mayo al Municipio de Montemorelos para llevar a cabo la 5\u00b0etapa del serial de maratones de ciclismo de monta\u00f1a 2019. Este evento cont\u00f3 con la participaci\u00f3n de los equipos de ciclismo del estado y con el apoyo de autoridades Municipales quienes se encargaron de dar el banderazo de salida en punto de las 08:00 am a cada uno de los 5 grupos en los que se dividen las categor\u00edas, las distancias para el grupo 1 fue de 76 km que son los elite y expertos, el grupo 2 son los avanzados su distancia fue de 60 km, el grupo 3 que son las categor\u00edas intermedias y master les toco 51 km, grupo 4 y 5 fueron 33 y 17 respectivamente cabe mencionar que este \u00faltimo grupo son las categor\u00edas promocionales. El clima, aunque se esperaba c\u00e1lido la mayor parte del tiempo de carrera estuvo nublado favoreciendo el desempe\u00f1o de los ciclistas. La pista excelente con un grado de dificultado medio alto, camino ancho en su mayor\u00eda tambi\u00e9n veredas y subidas y bajadas t\u00e9cnicas, qu\u00e9 decir del inicio de la competencia los ciclistas ten\u00edan que atravesar el rio 6 veces que por el nivel del agua y la fuerte corriente era imposible atravesarlo arriba de la bici optando los ciclistas por cargar la bici y cruzar caminando el rio, algunos tramos de la pista estaban lodosos pero rodable dificultando el manejo esto ocasiono que algunos ciclistas se fueran al piso afortunadamente sin consecuencias. Algunos parajes de la pista con mucha vegetaci\u00f3n sobre todo la parte de que pasaba por un lado del Bioparque estrella, 2 subidas muy demandantes y t\u00e9cnicas, una bajada muy retadora igual de t\u00e9cnica y a 8 km para llegar una subida matona interminable que desfondo a m\u00e1s de uno. Fue una experiencia inolvidable que se vivi\u00f3 este domingo en una de las mejores pistas de Nuevo Le\u00f3n.<br \/>\nA cada uno de los participantes se les dio una medalla de participaci\u00f3n y trofeo a los primeros 5 lugares de cada categor\u00eda. En las categor\u00edas estelares los ganadores en la categor\u00eda elite varonil H\u00e9ctor Rangel, corredor libre de Saltillo con un tiempo de 02:53:38 con una distancia de 76 km en femenil elite la ganadora fue Alejandra Mart\u00ednez Ibarra del equipo Amstel Cicling Team distancia de 76 km con un tiempo de 03:39:52. Todos los resultados se pueden consultar en espor.mx Por el club de ciclismo Titanes de Cadereyta participaron Jos\u00e9 Garza Gonz\u00e1lez, Nohem\u00ed Aguilar, Armando Buenfil, Dr. Jorge Salvador Loredo con un excelente desempe\u00f1o, en categor\u00eda Master Juan Rangel se llev\u00f3 el 4to lugar y el Dr. Jos\u00e9 \u00c1ngel Trujillo el 5to misma categor\u00eda y distancia de 51 km.<br \/>\nPr\u00f3ximo marat\u00f3n es el 14 de Julio en Linares<br \/>\nClub de Ciclismo Titanes de Cadereyta<\/p>\n","protected":false},"excerpt":{"rendered":"<p>Los ciclistas que forman la Liga de Ciclismo de Monta\u00f1a de N.L. se trasladaron el pasado domingo 19 de mayo al Municipio de Montemorelos para llevar a cabo la 5\u00b0etapa del serial de maratones de ciclismo de monta\u00f1a 2019. Este evento cont\u00f3 con la participaci\u00f3n de los equipos de ciclismo del estado y con el [&hellip;]<\/p>\n","protected":false},"author":9,"featured_media":8152,"comment_status":"open","ping_status":"closed","sticky":false,"template":"","format":"standard","meta":{"footnotes":""},"categories":[1],"tags":[559],"class_list":["post-8155","post","type-post","status-publish","format-standard","has-post-thumbnail","hentry","category-noticias","tag-ciclismo-cadereyta"],"_links":{"self":[{"href":"https:\/\/laultimapalabra.com.mx\/portal\/wp-json\/wp\/v2\/posts\/8155","targetHints":{"allow":["GET"]}}],"collection":[{"href":"https:\/\/laultimapalabra.com.mx\/portal\/wp-json\/wp\/v2\/posts"}],"about":[{"href":"https:\/\/laultimapalabra.com.mx\/portal\/wp-json\/wp\/v2\/types\/post"}],"author":[{"embeddable":true,"href":"https:\/\/laultimapalabra.com.mx\/portal\/wp-json\/wp\/v2\/users\/9"}],"replies":[{"embeddable":true,"href":"https:\/\/laultimapalabra.com.mx\/portal\/wp-json\/wp\/v2\/comments?post=8155"}],"version-history":[{"count":1,"href":"https:\/\/laultimapalabra.com.mx\/portal\/wp-json\/wp\/v2\/posts\/8155\/revisions"}],"predecessor-version":[{"id":67357,"href":"https:\/\/laultimapalabra.com.mx\/portal\/wp-json\/wp\/v2\/posts\/8155\/revisions\/67357"}],"wp:featuredmedia":[{"embeddable":true,"href":"https:\/\/laultimapalabra.com.mx\/portal\/wp-json\/"}],"wp:attachment":[{"href":"https:\/\/laultimapalabra.com.mx\/portal\/wp-json\/wp\/v2\/media?parent=8155"}],"wp:term":[{"taxonomy":"category","embeddable":true,"href":"https:\/\/laultimapalabra.com.mx\/portal\/wp-json\/wp\/v2\/categories?post=8155"},{"taxonomy":"post_tag","embeddable":true,"href":"https:\/\/laultimapalabra.com.mx\/portal\/wp-json\/wp\/v2\/tags?post=8155"}],"curies":[{"name":"wp","href":"https:\/\/api.w.org\/{rel}","templated":true}]}}